{"id":21640,"date":"2025-08-11T11:00:00","date_gmt":"2025-08-11T14:00:00","guid":{"rendered":"https:\/\/gama.etc.br\/?p=21640"},"modified":"2025-08-11T11:00:00","modified_gmt":"2025-08-11T14:00:00","slug":"11-anos-em-11-historias-desafios-que-moldaram-o-caminho-da-gama","status":"publish","type":"post","link":"https:\/\/www.gama.etc.br\/blog\/2025\/08\/11\/11-anos-em-11-historias-desafios-que-moldaram-o-caminho-da-gama\/","title":{"rendered":"11 anos em 11 hist\u00f3rias: desafios que moldaram o caminho da Gama"},"content":{"rendered":"\n<p class=\"wp-block-paragraph\">Olhar para tr\u00e1s e reviver cada etapa da constru\u00e7\u00e3o da Gama n\u00e3o \u00e9 apenas viajar no tempo, mas tamb\u00e9m visitar mem\u00f3rias e se deparar com todos os momentos que fizeram com que a empresa se tornasse o que ela \u00e9 hoje.&nbsp;<\/p>\n\n\n\n<p class=\"wp-block-paragraph\">Cada momento, por mais desafiador ou simples que tenha parecido, teve um papel fundamental na constru\u00e7\u00e3o dessa hist\u00f3ria. O caminho foi repleto de mudan\u00e7as, decis\u00f5es dif\u00edceis e, sobretudo, de muito trabalho em equipe.<\/p>\n\n\n\n<p class=\"wp-block-paragraph\"><strong>Desde o primeiro nome que recebeu, at\u00e9 a chegada de novos membros que marcaram momentos de transforma\u00e7\u00e3o<\/strong>: tudo foi parte de uma hist\u00f3ria que trouxe a empresa at\u00e9 aqui.\u00a0<\/p>\n\n\n\n<p class=\"wp-block-paragraph\">Portanto, no artigo de hoje do <a href=\"http:\/\/gama.etc.br\/blog\" target=\"_blank\" rel=\"noreferrer noopener\">Blog da Gama<\/a> vamos revisitar 11 momentos especiais que marcaram os 11 anos de trajet\u00f3ria, desde o projeto que iniciou a empresa at\u00e9 os novos desafios da atualidade.<\/p>\n\n\n\n<h2 class=\"wp-block-heading\">Mas afinal, quem \u00e9 a Gama?<\/h2>\n\n\n\n<p class=\"wp-block-paragraph\">Antes de mergulhar em alguns dos momentos que constroem aquilo que somos e que moldaram nossa trajet\u00f3ria e atua\u00e7\u00e3o, vamos explicar um pouco sobre quem \u00e9 a Gama, afinal de contas.<\/p>\n\n\n\n<p class=\"wp-block-paragraph\">Pois bem, <strong>a Gama \u00e9 uma empresa de tecnologia que integra vendas e marketing para gerar desempenho comercial para as empresas.<\/strong> Por meio de solu\u00e7\u00f5es e metodologias pr\u00f3prias, desenvolvemos estrat\u00e9gias que alinham pessoas, processos e ferramentas, criando uma m\u00e1quina de crescimento para nossos clientes.\u00a0<\/p>\n\n\n\n<p class=\"wp-block-paragraph\">Com um time multidisciplinar completo, atuamos no planejamento, execu\u00e7\u00e3o e controle das a\u00e7\u00f5es, sempre com foco em resultados reais.&nbsp;<\/p>\n\n\n\n<p class=\"wp-block-paragraph\">Desde a sua funda\u00e7\u00e3o, a Gama tem buscado inovar e se adaptar \u00e0s necessidades do mercado, sempre com o objetivo de entregar solu\u00e7\u00f5es eficazes e impactantes.&nbsp;<\/p>\n\n\n\n<p class=\"wp-block-paragraph\"><strong>Acreditamos que a integra\u00e7\u00e3o entre vendas e marketing \u00e9 essencial para o sucesso das empresas, e \u00e9 com base nesse princ\u00edpio que constru\u00edmos nossa trajet\u00f3ria e continuamos a evoluir.<\/strong><\/p>\n\n\n\n<h2 class=\"wp-block-heading\">11 momentos que marcaram a trajet\u00f3ria da Gama<\/h2>\n\n\n\n<p class=\"wp-block-paragraph\">Ao longo da nossa trajet\u00f3ria, a Gama viveu uma s\u00e9rie de momentos marcantes que foram fundamentais para moldar a empresa que somos hoje. Cada um desses epis\u00f3dios foi essencial para consolidarmos nossa identidade e crescermos com prop\u00f3sito.&nbsp;<\/p>\n\n\n\n<p class=\"wp-block-paragraph\">Eles representam mais do que simples marcos temporais: s\u00e3o s\u00edmbolos da nossa evolu\u00e7\u00e3o, onde decis\u00f5es estrat\u00e9gicas, parcerias e mudan\u00e7as de dire\u00e7\u00e3o se uniram para nos levar ao pr\u00f3ximo n\u00edvel.&nbsp;<\/p>\n\n\n\n<p class=\"wp-block-paragraph\">Esses momentos refletem nossa capacidade de adapta\u00e7\u00e3o e busca constante por excel\u00eancia, enfrentando obst\u00e1culos e aproveitando oportunidades que surgiram no caminho.&nbsp;<\/p>\n\n\n\n<p class=\"wp-block-paragraph\">Conhe\u00e7a um pouco mais da hist\u00f3ria de 11 desses momentos fundamentais, que, juntos, formam o alicerce da Gama.<\/p>\n\n\n\n<h3 class=\"wp-block-heading\">1. Um patroc\u00ednio para o \u00cdndio<\/h3>\n\n\n\n<p class=\"wp-block-paragraph\">O processo de busca por um patroc\u00ednio para o <a href=\"https:\/\/ceaimore.com\/\" target=\"_blank\" rel=\"noreferrer noopener\">Aimor\u00e9<\/a> surgiu de uma oportunidade estrat\u00e9gica. O \u00cdndio Capil\u00e9 estava de volta ao Gauch\u00e3o depois de 19 anos longe da elite do futebol ga\u00facho.\u00a0<\/p>\n\n\n\n<p class=\"wp-block-paragraph\">Portanto, atrav\u00e9s do presidente do clube, Ronaldo Vieira, foi apresentado um projeto de transformar o site institucional do Aimor\u00e9 em uma plataforma para aproximar o clube da torcida, da comunidade local e empresarial. A partir disso, surgiu a chance de negociar patroc\u00ednios para o clube.&nbsp;<\/p>\n\n\n\n<p class=\"wp-block-paragraph\">Nesse contexto, em apenas uma semana, conseguimos fechar um acordo com a <a href=\"https:\/\/www.ska.com.br\/\" target=\"_blank\" rel=\"noreferrer noopener\">SKA<\/a>, que estampou sua logo na manga do uniforme do time. <strong>Esse patroc\u00ednio se manteve por um longo per\u00edodo, consolidando a parceria e trazendo ganhos ao longo do tempo.<\/strong><\/p>\n\n\n\n<p class=\"wp-block-paragraph\">O mais interessante \u00e9 que, hoje, somos fornecedores de tecnologia para a SKA, com o mesmo foco em estrat\u00e9gias digitais que impulsionam a comunica\u00e7\u00e3o e rentabilizam os neg\u00f3cios.&nbsp;<\/p>\n\n\n\n<p class=\"wp-block-paragraph\">Essa conex\u00e3o entre o Aimor\u00e9 e a SKA foi o ponto de partida para a cria\u00e7\u00e3o da Gama, uma empresa que nasceu para integrar marketing digital e vendas com resultados reais.<\/p>\n\n\n\n<h3 class=\"wp-block-heading\">2. O n\u00famero 3 como marca de nascen\u00e7a&nbsp;<\/h3>\n\n\n\n<p class=\"wp-block-paragraph\">Para que o ponto de partida da empresa ganhasse forma e se consolidasse, era necess\u00e1rio pensar em um nome que simbolizasse o projeto.<\/p>\n\n\n\n<p class=\"wp-block-paragraph\">Assim, de um encontro simples, mas simb\u00f3lico, surgiu o nome \u201cGama\u201d. Em junho de 2014, os tr\u00eas s\u00f3cios fundadores \u2014 <a href=\"https:\/\/www.linkedin.com\/in\/bernardotrevizankrebs\/\" target=\"_blank\" rel=\"noreferrer noopener\">Bernardo Krebs<\/a>, <a href=\"https:\/\/www.linkedin.com\/in\/felipe-techio-58a1b11a7\/\" target=\"_blank\" rel=\"noreferrer noopener\">Felipe Techio<\/a> e <a href=\"https:\/\/www.linkedin.com\/in\/fernando-potrick\/\" target=\"_blank\" rel=\"noreferrer noopener\">Fernando Potrick<\/a> \u2014 se reuniram para definir o nome da empresa.\u00a0<\/p>\n\n\n\n<p class=\"wp-block-paragraph\">A escolha precisava representar n\u00e3o s\u00f3 a proposta de neg\u00f3cio, mas a ess\u00eancia do trio fundador. \u201cGama\u201d \u00e9 a terceira letra do alfabeto grego. O &#8220;G&#8221; no alfabeto latino, simboliza, acima de tudo, o n\u00famero tr\u00eas.&nbsp;<\/p>\n\n\n\n<p class=\"wp-block-paragraph\">Tr\u00eas pessoas, tr\u00eas pontos de vista, tr\u00eas \u00e1reas que se complementam. O nome refletia o equil\u00edbrio entre diversidade e conex\u00e3o, t\u00e9cnica e criatividade. N\u00e3o foi um processo burocr\u00e1tico, nem repleto de t\u00e9cnicas de naming. Foi, acima de tudo, a materializa\u00e7\u00e3o de uma vis\u00e3o: <strong>criar uma empresa fundamentada em m\u00faltiplas perspectivas, capaz de reunir diferentes mundos sob uma mesma bandeira.<\/strong>\u00a0<\/p>\n\n\n\n<p class=\"wp-block-paragraph\">E hoje, 11 anos depois, a Gama segue sendo exatamente isso: plural, estrat\u00e9gica e com ra\u00edzes fortes nos seus tr\u00eas pilares fundadores.<\/p>\n\n\n\n<h3 class=\"wp-block-heading\">3. Incubadora de neg\u00f3cios<\/h3>\n\n\n\n<p class=\"wp-block-paragraph\">A transi\u00e7\u00e3o da Gama do home office para o primeiro escrit\u00f3rio aconteceu de maneira estrat\u00e9gica, quando surgiu a oportunidade de ingressar na <a href=\"https:\/\/www.unisinos.br\/institucional\/estrutura\/unitec\">UNITEC<\/a>, incubadora do <a href=\"https:\/\/www.tecnosinos.com.br\/\">Tecnosinos<\/a>.\u00a0<\/p>\n\n\n\n<p class=\"wp-block-paragraph\">Localizada dentro do Parque Tecnol\u00f3gico da Unisinos, a UNITEC foi o lugar perfeito para dar o pr\u00f3ximo passo na jornada da Gama. Os s\u00f3cios buscavam um espa\u00e7o f\u00edsico que permitisse sair do ambiente de home office e, ao mesmo tempo, conectar melhor com o mercado.&nbsp;<\/p>\n\n\n\n<p class=\"wp-block-paragraph\">Quando surgiu essa oportunidade, especialmente por estar em um ambiente ligado \u00e0 universidade onde os tr\u00eas haviam se formado, ficou claro que era o lugar ideal para expandir. Isso porque a UNITEC, com seu foco em inova\u00e7\u00e3o e relacionamento, j\u00e1 se alinhava perfeitamente aos valores da Gama.&nbsp;<\/p>\n\n\n\n<p class=\"wp-block-paragraph\">Dessa forma,<strong> aquele ambiente proporcionou n\u00e3o apenas a estrutura necess\u00e1ria, mas tamb\u00e9m as conex\u00f5es essenciais para o crescimento do neg\u00f3cio.<\/strong> A transi\u00e7\u00e3o foi, sem d\u00favida, um marco importante, pois al\u00e9m do escrit\u00f3rio f\u00edsico, a Gama estava imersa em uma rede que promovia inova\u00e7\u00e3o e facilitava a escalabilidade do trabalho.<\/p>\n\n\n\n<h3 class=\"wp-block-heading\">4. 1Bem e o pior e-mail da hist\u00f3ria<\/h3>\n\n\n\n<figure class=\"wp-block-embed is-type-video is-provider-youtube wp-block-embed-youtube wp-embed-aspect-16-9 wp-has-aspect-ratio\"><div class=\"wp-block-embed__wrapper\">\n<iframe loading=\"lazy\" title=\"Apresenta\u00e7\u00e3o 1Bem 2018\" width=\"760\" height=\"428\" src=\"https:\/\/www.youtube.com\/embed\/PydB20GwB80?feature=oembed\" frameborder=\"0\" allow=\"accelerometer; autoplay; clipboard-write; encrypted-media; gyroscope; picture-in-picture; web-share\" referrerpolicy=\"strict-origin-when-cross-origin\" allowfullscreen><\/iframe>\n<\/div><\/figure>\n\n\n\n<p class=\"wp-block-paragraph\">Ainda fazendo parte do ecossistema Tecnosinos surgiu a <a href=\"https:\/\/www.instagram.com\/fazer1bem\/\">1Bem<\/a>. A startup, vinculada \u00e0 Gama, estimulava o apoio financeiro para causas sociais por meio de campanhas de financiamento coletivo, proporcionando experi\u00eancias \u00fanicas entre f\u00e3s e \u00eddolos.<\/p>\n\n\n\n<p class=\"wp-block-paragraph\">Criada com a vis\u00e3o de inovar e trazer solu\u00e7\u00f5es para problemas sociais, a 1Bem foi uma tentativa ousada de alavancar a Gama com um prop\u00f3sito de transforma\u00e7\u00e3o social. No entanto, esse projeto tamb\u00e9m se tornou um dos maiores desafios da empresa.<\/p>\n\n\n\n<p class=\"wp-block-paragraph\">Em dezembro de 2019, o s\u00f3cio Felipe Techio enviou aquele que ficou conhecido como \u201cO pior e-mail da hist\u00f3ria\u201d. Enviado em 19 de dezembro, \u00e0 1h53 da manh\u00e3, ele falava sobre a Gama estar apenas com um cliente e como os planos de evolu\u00e7\u00e3o estavam amea\u00e7ados e desconectados da realidade das entregas.&nbsp;<\/p>\n\n\n\n<p class=\"wp-block-paragraph\">O impacto foi profundo. <strong>A ambi\u00e7\u00e3o de inova\u00e7\u00e3o foi contraposta pela necessidade urgente de resultados concretos.<\/strong><\/p>\n\n\n\n<p class=\"wp-block-paragraph\">Esse choque de realidade levou a empresa a agir com rapidez. Em um m\u00eas, os s\u00f3cios conseguiram fechar mais vendas do que jamais imaginavam,&nbsp; especialmente em janeiro, tradicionalmente conhecido como um m\u00eas \u201cfraco\u201d para vendas.&nbsp;<\/p>\n\n\n\n<p class=\"wp-block-paragraph\">Ao fim, esse momento deixou uma li\u00e7\u00e3o crucial para o desenvolvimento da empresa: \u00e9 preciso equilibrar inova\u00e7\u00e3o com responsabilidade e garantir que as opera\u00e7\u00f5es b\u00e1sicas funcionem, pois \u00e9 isso que realmente move o neg\u00f3cio.<\/p>\n\n\n\n<h3 class=\"wp-block-heading\">5. Nova casa<\/h3>\n\n\n\n<p class=\"wp-block-paragraph\">Na medida em que a opera\u00e7\u00e3o estava se expandindo, novas necessidades foram surgindo. Nesse contexto, a mudan\u00e7a para a nova sede da Gama, no centro de S\u00e3o Leopoldo, foi um marco importante no processo de crescimento e consolida\u00e7\u00e3o da empresa no mercado.&nbsp;<\/p>\n\n\n\n<p class=\"wp-block-paragraph\">Depois de passar pela UNITEC, com uma sala de startup compartilhada, percebemos que o ambiente j\u00e1 n\u00e3o atendia mais \u00e0s nossas necessidades, embora tivesse sido essencial para que tiv\u00e9ssemos conseguido chegar at\u00e9 ali.&nbsp;<\/p>\n\n\n\n<p class=\"wp-block-paragraph\">Sendo assim,<strong> precis\u00e1vamos de um espa\u00e7o pr\u00f3prio que refletisse a nova fase da empresa, com condi\u00e7\u00f5es adequadas para receber clientes e proporcionar um ambiente de trabalho mais confort\u00e1vel e inspirador.<\/strong><\/p>\n\n\n\n<p class=\"wp-block-paragraph\">A nova sede, localizada no \u00faltimo andar de um pr\u00e9dio no centro da cidade, ofereceu \u00e0 Gama n\u00e3o s\u00f3 uma estrutura melhor, mas tamb\u00e9m uma vista privilegiada do Rio dos Sinos, que simbolizava o novo momento da empresa.&nbsp;<\/p>\n\n\n\n<p class=\"wp-block-paragraph\">A reforma completa do espa\u00e7o trouxe mais conforto e funcionalidade, criando um ambiente prop\u00edcio para o crescimento. Esse novo escrit\u00f3rio n\u00e3o foi apenas um local f\u00edsico, mas um s\u00edmbolo da evolu\u00e7\u00e3o da Gama, permitindo \u00e0 equipe respirar novos ares e se preparar para os desafios e oportunidades que surgiriam em sua jornada de sucesso.<\/p>\n\n\n\n<figure class=\"wp-block-image size-large\"><img decoding=\"async\" src=\"https:\/\/gama.etc.br\/blog\/wp-content\/uploads\/2025\/08\/241680998_126147366393855_3113048569341509930_n-1024x576.jpg\" alt=\"\" class=\"wp-image-21641\"\/><\/figure>\n\n\n\n<h3 class=\"wp-block-heading\">6. Novo momento parte I<\/h3>\n\n\n\n<p class=\"wp-block-paragraph\">Para que a Gama conseguisse escalar o n\u00edvel de entregas, era preciso somar ao projeto pessoas que trouxessem um impacto real para a opera\u00e7\u00e3o.<\/p>\n\n\n\n<p class=\"wp-block-paragraph\">Dessa forma, a chegada do Pedro Elias, conhecido como &#8220;Pancho&#8221;, marcou um novo ciclo de crescimento e organiza\u00e7\u00e3o para a Gama. Quando ele entrou, como o primeiro gestor de projetos, trouxe uma nova vis\u00e3o para a empresa, ajudando a estruturar e desenvolver a \u00e1rea de projetos.&nbsp;<\/p>\n\n\n\n<p class=\"wp-block-paragraph\">A partir dessa nova configura\u00e7\u00e3o foi poss\u00edvel reestruturar a din\u00e2mica interna, permitindo que Bernardo Krebs, antes envolvido em todas as demandas do dia a dia, passasse a focar exclusivamente em vendas e na lideran\u00e7a estrat\u00e9gica do neg\u00f3cio.<\/p>\n\n\n\n<p class=\"wp-block-paragraph\">Essa mudan\u00e7a foi essencial para o amadurecimento da Gama, pois deu ao nosso CEO a liberdade necess\u00e1ria para focar no crescimento da empresa, na medida em que o Pancho estava cuidando dos aspectos operacionais.&nbsp;<\/p>\n\n\n\n<p class=\"wp-block-paragraph\">O Pancho ajudou a criar mais clareza nas nossas a\u00e7\u00f5es e possibilitou a cria\u00e7\u00e3o de processos mais eficientes. Com isso, a Gama se tornou mais madura, assumindo responsabilidades maiores e se preparando para enfrentar desafios mais complexos.&nbsp;<\/p>\n\n\n\n<p class=\"wp-block-paragraph\"><strong>Sua contribui\u00e7\u00e3o foi fundamental para que a Gama se consolidasse como uma empresa estruturada e focada em um crescimento sustent\u00e1vel e estrat\u00e9gico.<\/strong><\/p>\n\n\n\n<h3 class=\"wp-block-heading\">7. Pandemia e um novo formato<\/h3>\n\n\n\n<figure class=\"wp-block-image size-large\"><img decoding=\"async\" src=\"https:\/\/gama.etc.br\/blog\/wp-content\/uploads\/2025\/08\/3a-IMAGEM-ARTIGO-2-BLOG-1024x550.png\" alt=\"\" class=\"wp-image-21642\"\/><\/figure>\n\n\n\n<p class=\"wp-block-paragraph\">Na medida em que desenvolvemos a capacidade de absorver projetos de maior complexidade e, mais do que isso, criamos uma estrutura de trabalho s\u00f3lida, surgiram parcerias que transformaram os rumos da nossa empresa.<\/p>\n\n\n\n<p class=\"wp-block-paragraph\">Uma dessas parcerias foi o <a href=\"https:\/\/sebraers.com.br\/\" target=\"_blank\" rel=\"noreferrer noopener\">Sebrae RS<\/a>. Hav\u00edamos consolidado uma rela\u00e7\u00e3o s\u00f3lida, realizando treinamentos presenciais para lideran\u00e7as de micro e pequenas empresas de todo o estado e em diversas \u00e1reas, como marketing, comunica\u00e7\u00e3o digital e vendas. No entanto, com a chegada da pandemia da Covid-19, implementamos n\u00e3o s\u00f3 um novo formato de trabalho, como um novo modelo de parceria para que os atendimentos continuassem de forma online, ampliando o alcance do servi\u00e7o. A parceria com o Sebrae foi fundamental para oferecer consultoria e mentoria por todo o Rio Grande do Sul, fortalecendo a presen\u00e7a da Gama no mercado.<\/p>\n\n\n\n<p class=\"wp-block-paragraph\">Esse novo formato de atendimento n\u00e3o s\u00f3 impulsionou a Gama para um momento de grande crescimento, mas tamb\u00e9m posicionou a empresa como parte essencial na reconstru\u00e7\u00e3o da economia local, contribuindo para a recupera\u00e7\u00e3o de neg\u00f3cios durante a crise.<\/p>\n\n\n\n<h3 class=\"wp-block-heading\">8. Novo momento parte II<\/h3>\n\n\n\n<p class=\"wp-block-paragraph\">Assim como a chegada do Pancho serviu como uma forma de estruturar a \u00e1rea de projetos da Gama e criar processos organizacionais mais consistentes, a vinda de <a href=\"https:\/\/www.linkedin.com\/in\/augusto-trevizan-krebs\/\" target=\"_blank\" rel=\"noreferrer noopener\">Augusto Krebs<\/a> tamb\u00e9m pode ser considerada como um divisor de \u00e1guas na trajet\u00f3ria da empresa.<\/p>\n\n\n\n<p class=\"wp-block-paragraph\">Ele chegou em 2020 com foco em uma \u00e1rea comercial estrat\u00e9gica, essencial para o pr\u00f3ximo n\u00edvel de crescimento da empresa. Antes disso, a \u00e1rea comercial era mais operacional, baseada em reflex\u00f5es pessoais e em pr\u00e1ticas consideradas eficazes pela gest\u00e3o, muitas vezes sem o respaldo de benchmarks s\u00f3lidos.&nbsp;<\/p>\n\n\n\n<p class=\"wp-block-paragraph\">Com uma vasta experi\u00eancia na ger\u00eancia de grandes contas no <a href=\"https:\/\/cieers.org.br\/portal\" target=\"_blank\" rel=\"noreferrer noopener\">CIEE<\/a>, Augusto trouxe uma perspectiva externa crucial para a \u00e1rea comercial da Gama, oferecendo uma vis\u00e3o mais estruturada e focada em pr\u00e1ticas comerciais comprovadas.<\/p>\n\n\n\n<p class=\"wp-block-paragraph\">Inicialmente, ele come\u00e7ou como consultor, ajudando a repensar e melhorar os nossos processos comerciais, mas o trabalho foi t\u00e3o impactante que, em pouco tempo, ele se juntou \u00e0 equipe internamente, onde come\u00e7ou a coordenar a \u00e1rea de neg\u00f3cios.&nbsp;<\/p>\n\n\n\n<p class=\"wp-block-paragraph\"><strong>Hoje ele \u00e9 s\u00f3cio da Gama e a sua lideran\u00e7a na \u00e1rea comercial foi fundamental para transformar a empresa, tornando a opera\u00e7\u00e3o comercial mais estrat\u00e9gica e alinhada com as melhores pr\u00e1ticas do mercado<\/strong>, o que impulsionou o crescimento e consolidou a Gama no mercado.<\/p>\n\n\n\n<h3 class=\"wp-block-heading\">9. Um estande em Lisboa<\/h3>\n\n\n\n<figure class=\"wp-block-image size-full\"><img decoding=\"async\" src=\"https:\/\/gama.etc.br\/blog\/wp-content\/uploads\/2025\/08\/bernardo-CEO-Gama-web-summit-lisboa-2022.jpg\" alt=\"\" class=\"wp-image-21643\"\/><\/figure>\n\n\n\n<p class=\"wp-block-paragraph\">O estande da Gama no Web Summit de Lisboa marcou um grande momento na jornada empreendedora do nosso CEO e na trajet\u00f3ria da empresa como um todo. Esse evento internacional foi uma oportunidade \u00fanica de levar as nossas solu\u00e7\u00f5es para um dos maiores cen\u00e1rios de inova\u00e7\u00e3o e tecnologia do mundo.&nbsp;<\/p>\n\n\n\n<p class=\"wp-block-paragraph\">Foi um reconhecimento importante, especialmente considerando que \u00e9ramos a \u00fanica empresa do estado, presente no evento , sem v\u00ednculo, at\u00e9 ent\u00e3o, com o <a href=\"https:\/\/institutocaldeira.org.br\/\" target=\"_blank\" rel=\"noreferrer noopener\">Instituto Caldeira<\/a>, um centro de inova\u00e7\u00e3o com grandes empresas e startups. A nossa presen\u00e7a no <a href=\"https:\/\/websummit.com\/\" target=\"_blank\" rel=\"noreferrer noopener\">Web Summit<\/a> mostrou que a Gama sempre buscou ir al\u00e9m, explorando oportunidades fora da curva.<\/p>\n\n\n\n<p class=\"wp-block-paragraph\">O evento n\u00e3o apenas nos deu visibilidade global, mas tamb\u00e9m foi um passo crucial para nossa aproxima\u00e7\u00e3o com o Instituto Caldeira, onde hoje somos membros e possu\u00edmos um espa\u00e7o de trabalho.&nbsp;<\/p>\n\n\n\n<p class=\"wp-block-paragraph\">Durante a semana em Lisboa, Bernardo Krebs teve a oportunidade de fazer conex\u00f5es valiosas com pessoas de diversos pa\u00edses e, no final, conquistar cinco dos seis neg\u00f3cios do estado que tamb\u00e9m estavam presentes no evento.&nbsp;<\/p>\n\n\n\n<p class=\"wp-block-paragraph\"><strong>Esse momento consolidou a Gama como uma empresa focada em inova\u00e7\u00e3o e foi um marco importante rumo \u00e0 internacionaliza\u00e7\u00e3o e ao crescimento estrat\u00e9gico da empresa.<\/strong><\/p>\n\n\n\n<h3 class=\"wp-block-heading\">10. Sa\u00edda de um dos fundadores<\/h3>\n\n\n\n<p class=\"wp-block-paragraph\">Todos estes momentos da Gama demonstram uma empresa robusta, s\u00f3lida e pr\u00f3spera no mercado. Isso significa, dentre outras coisas, que o projeto, a estrutura, \u00e9 maior e mais s\u00f3lida que a ideia e a a\u00e7\u00e3o de pessoas que atuam na empresa. Em 2023, a sa\u00edda do Potrick, e em 2021, a chegada de <a href=\"https:\/\/www.linkedin.com\/in\/bruna-pedrotti-6a99141b4\/\" target=\"_blank\" rel=\"noreferrer noopener\">Bruna Pedrotti<\/a> representaram um ponto de inflex\u00e3o crucial na trajet\u00f3ria da empresa.\u00a0<\/p>\n\n\n\n<p class=\"wp-block-paragraph\">A decis\u00e3o de Potrick de deixar a empresa aconteceu em um momento de amadurecimento, quando a Gama j\u00e1 n\u00e3o estava mais atrelada \u00e0s compet\u00eancias que a haviam fundado, mas sim em uma fase de evolu\u00e7\u00e3o, com novos desafios e necessidades.&nbsp;<\/p>\n\n\n\n<p class=\"wp-block-paragraph\">A sa\u00edda dele revelou a for\u00e7a e a robustez da empresa, que j\u00e1 havia se consolidado e estava pronta para crescer de forma diferente, com um modelo de neg\u00f3cio mais adapt\u00e1vel e focado no futuro.<\/p>\n\n\n\n<p class=\"wp-block-paragraph\">Nesse mesmo momento, Bruna, que entrou na Gama como a primeira mulher e a primeira estagi\u00e1ria, come\u00e7ou a ganhar destaque e a desenvolver um papel cada vez mais relevante dentro da empresa. <strong>Sua ascens\u00e3o mete\u00f3rica, mas bem fundamentada, reflete o investimento da Gama em novos talentos e na capacidade de adapta\u00e7\u00e3o interna.\u00a0<\/strong><\/p>\n\n\n\n<p class=\"wp-block-paragraph\">Bruna n\u00e3o apenas cresceu como pessoa, mas se consolidou como coordenadora de conte\u00fado, liderando a \u00e1rea com inova\u00e7\u00e3o e comprometimento. A transi\u00e7\u00e3o entre os dois eventos mostrou que a Gama sabia evoluir com os talentos internos e se preparar para os novos desafios do mercado.<\/p>\n\n\n\n<h3 class=\"wp-block-heading\">11. Sales to Marketing e um novo neg\u00f3cio (SXSW \/ ICT-S CIEE-RS)<\/h3>\n\n\n\n<figure class=\"wp-block-image size-large\"><img decoding=\"async\" src=\"https:\/\/gama.etc.br\/blog\/wp-content\/uploads\/2025\/08\/2a-IMAGEM-ARTIGO-2-BLOG-1024x550.png\" alt=\"\" class=\"wp-image-21644\"\/><\/figure>\n\n\n\n<p class=\"wp-block-paragraph\">O momento \u00e9 agora. Todas essas hist\u00f3rias, mudan\u00e7as, inflex\u00f5es e desafios que moldaram a nossa trajet\u00f3ria consolidaram nossas percep\u00e7\u00f5es, seja sobre a nossa empresa, sobre aquilo que queremos levar para o mercado ou sobre o que esperamos do futuro.<\/p>\n\n\n\n<p class=\"wp-block-paragraph\">Pensando em todo esse cen\u00e1rio, a ida da Gama ao <a href=\"https:\/\/www.sxsw.com\/\" target=\"_blank\" rel=\"noreferrer noopener\">SXSW 2025<\/a> foi um momento decisivo, que ajudou a empresa a expandir sua vis\u00e3o global. A experi\u00eancia no maior evento de inova\u00e7\u00e3o e tecnologia do mundo trouxe uma compreens\u00e3o mais ampla do mercado, impulsionando a Gama a se posicionar de maneira mais estrat\u00e9gica, tanto local quanto internacionalmente.<\/p>\n\n\n\n<p class=\"wp-block-paragraph\">Em paralelo a isso, o surgimento do <a href=\"https:\/\/gama.etc.br\/blog\/s2m\/\" target=\"_blank\" rel=\"noreferrer noopener\">Sales To Marketing (S2M)<\/a> representa um novo come\u00e7o para a Gama, marcando a transi\u00e7\u00e3o para um modelo mais estruturado e focado em resultados claros. Esse m\u00e9todo pr\u00f3prio, que integra diferentes \u00e1reas e pessoas, reflete a busca constante da Gama por otimizar processos e entregar solu\u00e7\u00f5es cada vez mais precisas para os clientes.\u00a0<\/p>\n\n\n\n<p class=\"wp-block-paragraph\">A implementa\u00e7\u00e3o do S2M n\u00e3o apenas fortaleceu a estrat\u00e9gia interna da empresa, mas tamb\u00e9m mudou a forma de atender e entregar valor ao mercado, colocando a Gama como uma refer\u00eancia em integra\u00e7\u00e3o entre vendas e marketing.<\/p>\n\n\n\n<p class=\"wp-block-paragraph\"><strong>A presen\u00e7a no Hub de Inova\u00e7\u00e3o do CIEE-RS, no ICT-S, complementou esse movimento, consolidando a Gama como uma empresa de tecnologia que integra vendas, marketing e inova\u00e7\u00e3o.<\/strong> Este \u00e9 o momento da Gama crescer e entregar solu\u00e7\u00f5es ainda mais impactantes para o mercado.<\/p>\n\n\n\n<h2 class=\"wp-block-heading\">O futuro est\u00e1 naquilo que acreditamos e fazemos<\/h2>\n\n\n\n<p class=\"wp-block-paragraph\">A trajet\u00f3ria da Gama \u00e9 marcada por momentos de adapta\u00e7\u00e3o, aprendizado e evolu\u00e7\u00e3o constante. Desde a sua funda\u00e7\u00e3o, quando o nome foi escolhido com base na vis\u00e3o de unir tr\u00eas pilares fundamentais, at\u00e9 os dias de hoje, a Gama se fortaleceu e cresceu com base em uma filosofia clara: inova\u00e7\u00e3o, responsabilidade e a busca incessante por resultados.&nbsp;<\/p>\n\n\n\n<p class=\"wp-block-paragraph\">Cada mudan\u00e7a e cada novo passo dado pela empresa, foi impulsionado por valores s\u00f3lidos que sempre nos guiaram at\u00e9 aqui: amizade, transpar\u00eancia, receptividade e compromisso com nossos clientes e colaboradores.<\/p>\n\n\n\n<p class=\"wp-block-paragraph\">Nossa jornada reflete o desenvolvimento de uma empresa que, ao longo dos anos, soube se reinventar, seja na constru\u00e7\u00e3o de uma equipe alinhada, na busca por novos modelos de neg\u00f3cios ou no posicionamento estrat\u00e9gico em eventos internacionais, como o Web Summit e o SXSW.&nbsp;<\/p>\n\n\n\n<p class=\"wp-block-paragraph\">Tudo isso nos faz confiantes para todos os desafios que poder\u00e3o surgir nos pr\u00f3ximos 11 anos da empresa. Mudan\u00e7as acontecem, despedidas e chegadas s\u00e3o inevit\u00e1veis. Mas o futuro da Gama \u00e9 promissor, e estamos prontos para continuar escrevendo nossa hist\u00f3ria, sempre com foco na entrega de solu\u00e7\u00f5es eficazes e impactantes para o mercado.<\/p>\n","protected":false},"excerpt":{"rendered":"<p>Olhar para tr\u00e1s e reviver cada etapa da constru\u00e7\u00e3o da Gama n\u00e3o \u00e9 apenas viajar no tempo, mas tamb\u00e9m visitar mem\u00f3rias e se deparar com todos\u2026<\/p>\n","protected":false},"author":1,"featured_media":26623,"comment_status":"closed","ping_status":"open","sticky":false,"template":"","format":"standard","meta":{"footnotes":""},"categories":[49],"tags":[264,265,266,262,267,62,63,212,268,269,270,271,272,273,274],"class_list":["post-21640","post","type-post","status-publish","format-standard","has-post-thumbnail","hentry","category-planejamento","tag-1bem","tag-aimore","tag-ciee-rs","tag-gama-tecnologia","tag-instituto-caldeira","tag-marketing-de-conteudo","tag-marketing-digital","tag-s2m","tag-sebrae-rs","tag-ska","tag-sxsw","tag-tecnosinos","tag-unisinos","tag-unitec","tag-web-summit-lisboa"],"yoast_head":"<!-- This site is optimized with the Yoast SEO plugin v28.4 - https:\/\/yoast.com\/product\/yoast-seo-wordpress\/ -->\n<title>11 anos em 11 hist\u00f3rias: desafios que moldaram o caminho da Gama - Gama<\/title>\n<meta name=\"description\" content=\"Reviver a constru\u00e7\u00e3o da Gama n\u00e3o \u00e9 apenas viajar no tempo, mas tamb\u00e9m visitar mem\u00f3rias que fizeram a empresa se tornar o que ela \u00e9 hoje.\u00a0\" \/>\n<meta name=\"robots\" content=\"index, follow, max-snippet:-1, max-image-preview:large, max-video-preview:-1\" \/>\n<link rel=\"canonical\" href=\"https:\/\/www.gama.etc.br\/blog\/2025\/08\/11\/11-anos-em-11-historias-desafios-que-moldaram-o-caminho-da-gama\/\" \/>\n<meta property=\"og:locale\" content=\"pt_BR\" \/>\n<meta property=\"og:type\" content=\"article\" \/>\n<meta property=\"og:title\" content=\"11 anos em 11 hist\u00f3rias: desafios que moldaram o caminho da Gama - Gama\" \/>\n<meta property=\"og:description\" content=\"Reviver a constru\u00e7\u00e3o da Gama n\u00e3o \u00e9 apenas viajar no tempo, mas tamb\u00e9m visitar mem\u00f3rias que fizeram a empresa se tornar o que ela \u00e9 hoje.\u00a0\" \/>\n<meta property=\"og:url\" content=\"https:\/\/www.gama.etc.br\/blog\/2025\/08\/11\/11-anos-em-11-historias-desafios-que-moldaram-o-caminho-da-gama\/\" \/>\n<meta property=\"og:site_name\" content=\"Gama\" \/>\n<meta property=\"article:published_time\" content=\"2025-08-11T14:00:00+00:00\" \/>\n<meta property=\"og:image\" content=\"https:\/\/www.gama.etc.br\/blog\/wp-content\/uploads\/2025\/08\/1a-IMAGEM-ARTIGO-2-BLOG.png\" \/>\n\t<meta property=\"og:image:width\" content=\"1200\" \/>\n\t<meta property=\"og:image:height\" content=\"644\" \/>\n\t<meta property=\"og:image:type\" content=\"image\/png\" \/>\n<meta name=\"author\" content=\"admin\" \/>\n<meta name=\"twitter:card\" content=\"summary_large_image\" \/>\n<meta name=\"twitter:label1\" content=\"Escrito por\" \/>\n\t<meta name=\"twitter:data1\" content=\"admin\" \/>\n\t<meta name=\"twitter:label2\" content=\"Est. tempo de leitura\" \/>\n\t<meta name=\"twitter:data2\" content=\"17 minutos\" \/>\n<script type=\"application\/ld+json\" class=\"yoast-schema-graph\">{\"@context\":\"https:\\\/\\\/schema.org\",\"@graph\":[{\"@type\":\"Article\",\"@id\":\"https:\\\/\\\/www.gama.etc.br\\\/blog\\\/2025\\\/08\\\/11\\\/11-anos-em-11-historias-desafios-que-moldaram-o-caminho-da-gama\\\/#article\",\"isPartOf\":{\"@id\":\"https:\\\/\\\/www.gama.etc.br\\\/blog\\\/2025\\\/08\\\/11\\\/11-anos-em-11-historias-desafios-que-moldaram-o-caminho-da-gama\\\/\"},\"author\":{\"name\":\"admin\",\"@id\":\"https:\\\/\\\/www.gama.etc.br\\\/blog\\\/#\\\/schema\\\/person\\\/208e8e52475867e851cf8ebfeac28f32\"},\"headline\":\"11 anos em 11 hist\u00f3rias: desafios que moldaram o caminho da Gama\",\"datePublished\":\"2025-08-11T14:00:00+00:00\",\"mainEntityOfPage\":{\"@id\":\"https:\\\/\\\/www.gama.etc.br\\\/blog\\\/2025\\\/08\\\/11\\\/11-anos-em-11-historias-desafios-que-moldaram-o-caminho-da-gama\\\/\"},\"wordCount\":3131,\"image\":{\"@id\":\"https:\\\/\\\/www.gama.etc.br\\\/blog\\\/2025\\\/08\\\/11\\\/11-anos-em-11-historias-desafios-que-moldaram-o-caminho-da-gama\\\/#primaryimage\"},\"thumbnailUrl\":\"https:\\\/\\\/www.gama.etc.br\\\/blog\\\/wp-content\\\/uploads\\\/2025\\\/08\\\/1a-IMAGEM-ARTIGO-2-BLOG.png\",\"keywords\":[\"1bem\",\"Aimor\u00e9\",\"CIEE-RS\",\"Gama Tecnologia\",\"INSTITUTO CALDEIRA\",\"marketing de conte\u00fado\",\"marketing digital\",\"S2M\",\"Sebrae RS\",\"SKA\",\"SXSW\",\"Tecnosinos\",\"Unisinos\",\"Unitec\",\"Web Summit Lisboa\"],\"articleSection\":[\"Planejamento\"],\"inLanguage\":\"pt-BR\"},{\"@type\":\"WebPage\",\"@id\":\"https:\\\/\\\/www.gama.etc.br\\\/blog\\\/2025\\\/08\\\/11\\\/11-anos-em-11-historias-desafios-que-moldaram-o-caminho-da-gama\\\/\",\"url\":\"https:\\\/\\\/www.gama.etc.br\\\/blog\\\/2025\\\/08\\\/11\\\/11-anos-em-11-historias-desafios-que-moldaram-o-caminho-da-gama\\\/\",\"name\":\"11 anos em 11 hist\u00f3rias: desafios que moldaram o caminho da Gama - Gama\",\"isPartOf\":{\"@id\":\"https:\\\/\\\/www.gama.etc.br\\\/blog\\\/#website\"},\"primaryImageOfPage\":{\"@id\":\"https:\\\/\\\/www.gama.etc.br\\\/blog\\\/2025\\\/08\\\/11\\\/11-anos-em-11-historias-desafios-que-moldaram-o-caminho-da-gama\\\/#primaryimage\"},\"image\":{\"@id\":\"https:\\\/\\\/www.gama.etc.br\\\/blog\\\/2025\\\/08\\\/11\\\/11-anos-em-11-historias-desafios-que-moldaram-o-caminho-da-gama\\\/#primaryimage\"},\"thumbnailUrl\":\"https:\\\/\\\/www.gama.etc.br\\\/blog\\\/wp-content\\\/uploads\\\/2025\\\/08\\\/1a-IMAGEM-ARTIGO-2-BLOG.png\",\"datePublished\":\"2025-08-11T14:00:00+00:00\",\"author\":{\"@id\":\"https:\\\/\\\/www.gama.etc.br\\\/blog\\\/#\\\/schema\\\/person\\\/208e8e52475867e851cf8ebfeac28f32\"},\"description\":\"Reviver a constru\u00e7\u00e3o da Gama n\u00e3o \u00e9 apenas viajar no tempo, mas tamb\u00e9m visitar mem\u00f3rias que fizeram a empresa se tornar o que ela \u00e9 hoje.\u00a0\",\"breadcrumb\":{\"@id\":\"https:\\\/\\\/www.gama.etc.br\\\/blog\\\/2025\\\/08\\\/11\\\/11-anos-em-11-historias-desafios-que-moldaram-o-caminho-da-gama\\\/#breadcrumb\"},\"inLanguage\":\"pt-BR\",\"potentialAction\":[{\"@type\":\"ReadAction\",\"target\":[\"https:\\\/\\\/www.gama.etc.br\\\/blog\\\/2025\\\/08\\\/11\\\/11-anos-em-11-historias-desafios-que-moldaram-o-caminho-da-gama\\\/\"]}]},{\"@type\":\"ImageObject\",\"inLanguage\":\"pt-BR\",\"@id\":\"https:\\\/\\\/www.gama.etc.br\\\/blog\\\/2025\\\/08\\\/11\\\/11-anos-em-11-historias-desafios-que-moldaram-o-caminho-da-gama\\\/#primaryimage\",\"url\":\"https:\\\/\\\/www.gama.etc.br\\\/blog\\\/wp-content\\\/uploads\\\/2025\\\/08\\\/1a-IMAGEM-ARTIGO-2-BLOG.png\",\"contentUrl\":\"https:\\\/\\\/www.gama.etc.br\\\/blog\\\/wp-content\\\/uploads\\\/2025\\\/08\\\/1a-IMAGEM-ARTIGO-2-BLOG.png\",\"width\":1200,\"height\":644},{\"@type\":\"BreadcrumbList\",\"@id\":\"https:\\\/\\\/www.gama.etc.br\\\/blog\\\/2025\\\/08\\\/11\\\/11-anos-em-11-historias-desafios-que-moldaram-o-caminho-da-gama\\\/#breadcrumb\",\"itemListElement\":[{\"@type\":\"ListItem\",\"position\":1,\"name\":\"In\u00edcio\",\"item\":\"https:\\\/\\\/www.gama.etc.br\\\/blog\\\/\"},{\"@type\":\"ListItem\",\"position\":2,\"name\":\"11 anos em 11 hist\u00f3rias: desafios que moldaram o caminho da Gama\"}]},{\"@type\":\"WebSite\",\"@id\":\"https:\\\/\\\/www.gama.etc.br\\\/blog\\\/#website\",\"url\":\"https:\\\/\\\/www.gama.etc.br\\\/blog\\\/\",\"name\":\"Gama\",\"description\":\"Blog: crescer com clareza, organiza\u00e7\u00e3o e retorno mensur\u00e1vel\",\"potentialAction\":[{\"@type\":\"SearchAction\",\"target\":{\"@type\":\"EntryPoint\",\"urlTemplate\":\"https:\\\/\\\/www.gama.etc.br\\\/blog\\\/?s={search_term_string}\"},\"query-input\":{\"@type\":\"PropertyValueSpecification\",\"valueRequired\":true,\"valueName\":\"search_term_string\"}}],\"inLanguage\":\"pt-BR\"},{\"@type\":\"Person\",\"@id\":\"https:\\\/\\\/www.gama.etc.br\\\/blog\\\/#\\\/schema\\\/person\\\/208e8e52475867e851cf8ebfeac28f32\",\"name\":\"admin\",\"image\":{\"@type\":\"ImageObject\",\"inLanguage\":\"pt-BR\",\"@id\":\"https:\\\/\\\/secure.gravatar.com\\\/avatar\\\/7a84e1232e33d37ae0363e7ebea571adc1a7ee554497d9078c0b57291956186f?s=96&d=mm&r=g\",\"url\":\"https:\\\/\\\/secure.gravatar.com\\\/avatar\\\/7a84e1232e33d37ae0363e7ebea571adc1a7ee554497d9078c0b57291956186f?s=96&d=mm&r=g\",\"contentUrl\":\"https:\\\/\\\/secure.gravatar.com\\\/avatar\\\/7a84e1232e33d37ae0363e7ebea571adc1a7ee554497d9078c0b57291956186f?s=96&d=mm&r=g\",\"caption\":\"admin\"},\"sameAs\":[\"https:\\\/\\\/gama.etc.br\\\/blog\"],\"url\":\"https:\\\/\\\/www.gama.etc.br\\\/blog\\\/author\\\/gamamkt\\\/\"}]}<\/script>\n<!-- \/ Yoast SEO plugin. -->","yoast_head_json":{"title":"11 anos em 11 hist\u00f3rias: desafios que moldaram o caminho da Gama - Gama","description":"Reviver a constru\u00e7\u00e3o da Gama n\u00e3o \u00e9 apenas viajar no tempo, mas tamb\u00e9m visitar mem\u00f3rias que fizeram a empresa se tornar o que ela \u00e9 hoje.\u00a0","robots":{"index":"index","follow":"follow","max-snippet":"max-snippet:-1","max-image-preview":"max-image-preview:large","max-video-preview":"max-video-preview:-1"},"canonical":"https:\/\/www.gama.etc.br\/blog\/2025\/08\/11\/11-anos-em-11-historias-desafios-que-moldaram-o-caminho-da-gama\/","og_locale":"pt_BR","og_type":"article","og_title":"11 anos em 11 hist\u00f3rias: desafios que moldaram o caminho da Gama - Gama","og_description":"Reviver a constru\u00e7\u00e3o da Gama n\u00e3o \u00e9 apenas viajar no tempo, mas tamb\u00e9m visitar mem\u00f3rias que fizeram a empresa se tornar o que ela \u00e9 hoje.\u00a0","og_url":"https:\/\/www.gama.etc.br\/blog\/2025\/08\/11\/11-anos-em-11-historias-desafios-que-moldaram-o-caminho-da-gama\/","og_site_name":"Gama","article_published_time":"2025-08-11T14:00:00+00:00","og_image":[{"width":1200,"height":644,"url":"https:\/\/www.gama.etc.br\/blog\/wp-content\/uploads\/2025\/08\/1a-IMAGEM-ARTIGO-2-BLOG.png","type":"image\/png"}],"author":"admin","twitter_card":"summary_large_image","twitter_misc":{"Escrito por":"admin","Est. tempo de leitura":"17 minutos"},"schema":{"@context":"https:\/\/schema.org","@graph":[{"@type":"Article","@id":"https:\/\/www.gama.etc.br\/blog\/2025\/08\/11\/11-anos-em-11-historias-desafios-que-moldaram-o-caminho-da-gama\/#article","isPartOf":{"@id":"https:\/\/www.gama.etc.br\/blog\/2025\/08\/11\/11-anos-em-11-historias-desafios-que-moldaram-o-caminho-da-gama\/"},"author":{"name":"admin","@id":"https:\/\/www.gama.etc.br\/blog\/#\/schema\/person\/208e8e52475867e851cf8ebfeac28f32"},"headline":"11 anos em 11 hist\u00f3rias: desafios que moldaram o caminho da Gama","datePublished":"2025-08-11T14:00:00+00:00","mainEntityOfPage":{"@id":"https:\/\/www.gama.etc.br\/blog\/2025\/08\/11\/11-anos-em-11-historias-desafios-que-moldaram-o-caminho-da-gama\/"},"wordCount":3131,"image":{"@id":"https:\/\/www.gama.etc.br\/blog\/2025\/08\/11\/11-anos-em-11-historias-desafios-que-moldaram-o-caminho-da-gama\/#primaryimage"},"thumbnailUrl":"https:\/\/www.gama.etc.br\/blog\/wp-content\/uploads\/2025\/08\/1a-IMAGEM-ARTIGO-2-BLOG.png","keywords":["1bem","Aimor\u00e9","CIEE-RS","Gama Tecnologia","INSTITUTO CALDEIRA","marketing de conte\u00fado","marketing digital","S2M","Sebrae RS","SKA","SXSW","Tecnosinos","Unisinos","Unitec","Web Summit Lisboa"],"articleSection":["Planejamento"],"inLanguage":"pt-BR"},{"@type":"WebPage","@id":"https:\/\/www.gama.etc.br\/blog\/2025\/08\/11\/11-anos-em-11-historias-desafios-que-moldaram-o-caminho-da-gama\/","url":"https:\/\/www.gama.etc.br\/blog\/2025\/08\/11\/11-anos-em-11-historias-desafios-que-moldaram-o-caminho-da-gama\/","name":"11 anos em 11 hist\u00f3rias: desafios que moldaram o caminho da Gama - Gama","isPartOf":{"@id":"https:\/\/www.gama.etc.br\/blog\/#website"},"primaryImageOfPage":{"@id":"https:\/\/www.gama.etc.br\/blog\/2025\/08\/11\/11-anos-em-11-historias-desafios-que-moldaram-o-caminho-da-gama\/#primaryimage"},"image":{"@id":"https:\/\/www.gama.etc.br\/blog\/2025\/08\/11\/11-anos-em-11-historias-desafios-que-moldaram-o-caminho-da-gama\/#primaryimage"},"thumbnailUrl":"https:\/\/www.gama.etc.br\/blog\/wp-content\/uploads\/2025\/08\/1a-IMAGEM-ARTIGO-2-BLOG.png","datePublished":"2025-08-11T14:00:00+00:00","author":{"@id":"https:\/\/www.gama.etc.br\/blog\/#\/schema\/person\/208e8e52475867e851cf8ebfeac28f32"},"description":"Reviver a constru\u00e7\u00e3o da Gama n\u00e3o \u00e9 apenas viajar no tempo, mas tamb\u00e9m visitar mem\u00f3rias que fizeram a empresa se tornar o que ela \u00e9 hoje.\u00a0","breadcrumb":{"@id":"https:\/\/www.gama.etc.br\/blog\/2025\/08\/11\/11-anos-em-11-historias-desafios-que-moldaram-o-caminho-da-gama\/#breadcrumb"},"inLanguage":"pt-BR","potentialAction":[{"@type":"ReadAction","target":["https:\/\/www.gama.etc.br\/blog\/2025\/08\/11\/11-anos-em-11-historias-desafios-que-moldaram-o-caminho-da-gama\/"]}]},{"@type":"ImageObject","inLanguage":"pt-BR","@id":"https:\/\/www.gama.etc.br\/blog\/2025\/08\/11\/11-anos-em-11-historias-desafios-que-moldaram-o-caminho-da-gama\/#primaryimage","url":"https:\/\/www.gama.etc.br\/blog\/wp-content\/uploads\/2025\/08\/1a-IMAGEM-ARTIGO-2-BLOG.png","contentUrl":"https:\/\/www.gama.etc.br\/blog\/wp-content\/uploads\/2025\/08\/1a-IMAGEM-ARTIGO-2-BLOG.png","width":1200,"height":644},{"@type":"BreadcrumbList","@id":"https:\/\/www.gama.etc.br\/blog\/2025\/08\/11\/11-anos-em-11-historias-desafios-que-moldaram-o-caminho-da-gama\/#breadcrumb","itemListElement":[{"@type":"ListItem","position":1,"name":"In\u00edcio","item":"https:\/\/www.gama.etc.br\/blog\/"},{"@type":"ListItem","position":2,"name":"11 anos em 11 hist\u00f3rias: desafios que moldaram o caminho da Gama"}]},{"@type":"WebSite","@id":"https:\/\/www.gama.etc.br\/blog\/#website","url":"https:\/\/www.gama.etc.br\/blog\/","name":"Gama","description":"Blog: crescer com clareza, organiza\u00e7\u00e3o e retorno mensur\u00e1vel","potentialAction":[{"@type":"SearchAction","target":{"@type":"EntryPoint","urlTemplate":"https:\/\/www.gama.etc.br\/blog\/?s={search_term_string}"},"query-input":{"@type":"PropertyValueSpecification","valueRequired":true,"valueName":"search_term_string"}}],"inLanguage":"pt-BR"},{"@type":"Person","@id":"https:\/\/www.gama.etc.br\/blog\/#\/schema\/person\/208e8e52475867e851cf8ebfeac28f32","name":"admin","image":{"@type":"ImageObject","inLanguage":"pt-BR","@id":"https:\/\/secure.gravatar.com\/avatar\/7a84e1232e33d37ae0363e7ebea571adc1a7ee554497d9078c0b57291956186f?s=96&d=mm&r=g","url":"https:\/\/secure.gravatar.com\/avatar\/7a84e1232e33d37ae0363e7ebea571adc1a7ee554497d9078c0b57291956186f?s=96&d=mm&r=g","contentUrl":"https:\/\/secure.gravatar.com\/avatar\/7a84e1232e33d37ae0363e7ebea571adc1a7ee554497d9078c0b57291956186f?s=96&d=mm&r=g","caption":"admin"},"sameAs":["https:\/\/gama.etc.br\/blog"],"url":"https:\/\/www.gama.etc.br\/blog\/author\/gamamkt\/"}]}},"_links":{"self":[{"href":"https:\/\/www.gama.etc.br\/blog\/wp-json\/wp\/v2\/posts\/21640","targetHints":{"allow":["GET"]}}],"collection":[{"href":"https:\/\/www.gama.etc.br\/blog\/wp-json\/wp\/v2\/posts"}],"about":[{"href":"https:\/\/www.gama.etc.br\/blog\/wp-json\/wp\/v2\/types\/post"}],"author":[{"embeddable":true,"href":"https:\/\/www.gama.etc.br\/blog\/wp-json\/wp\/v2\/users\/1"}],"replies":[{"embeddable":true,"href":"https:\/\/www.gama.etc.br\/blog\/wp-json\/wp\/v2\/comments?post=21640"}],"version-history":[{"count":0,"href":"https:\/\/www.gama.etc.br\/blog\/wp-json\/wp\/v2\/posts\/21640\/revisions"}],"wp:featuredmedia":[{"embeddable":true,"href":"https:\/\/www.gama.etc.br\/blog\/wp-json\/wp\/v2\/media\/26623"}],"wp:attachment":[{"href":"https:\/\/www.gama.etc.br\/blog\/wp-json\/wp\/v2\/media?parent=21640"}],"wp:term":[{"taxonomy":"category","embeddable":true,"href":"https:\/\/www.gama.etc.br\/blog\/wp-json\/wp\/v2\/categories?post=21640"},{"taxonomy":"post_tag","embeddable":true,"href":"https:\/\/www.gama.etc.br\/blog\/wp-json\/wp\/v2\/tags?post=21640"}],"curies":[{"name":"wp","href":"https:\/\/api.w.org\/{rel}","templated":true}]}}