{"id":20098,"date":"2025-04-28T11:53:05","date_gmt":"2025-04-28T14:53:05","guid":{"rendered":"https:\/\/gama.etc.br\/?p=20098"},"modified":"2025-04-28T11:53:05","modified_gmt":"2025-04-28T14:53:05","slug":"alinhamento-estrategico-para-superar-baixo-volume-de-vendas-no-mercado-b2b","status":"publish","type":"post","link":"https:\/\/www.gama.etc.br\/blog\/2025\/04\/28\/alinhamento-estrategico-para-superar-baixo-volume-de-vendas-no-mercado-b2b\/","title":{"rendered":"Alinhamento estrat\u00e9gico: a chave para superar o baixo volume de vendas no mercado B2B"},"content":{"rendered":"\n<p class=\"wp-block-paragraph\"><strong><em>O alinhamento estrat\u00e9gico entre as \u00e1reas de vendas e marketing \u00e9 o pontap\u00e9 inicial para um ciclo de vendas com volume e consist\u00eancia.<\/em><\/strong><\/p>\n\n\n\n<p class=\"wp-block-paragraph\">Seu departamento comercial vem enfrentando uma queda constante no volume de vendas? A primeira rea\u00e7\u00e3o pode ser atribuir essa baixa performance \u00e0 &#8220;mar\u00e9 de azar&#8221; ou a fatores externos como mercado, concorr\u00eancia ou economia.&nbsp;<\/p>\n\n\n\n<p class=\"wp-block-paragraph\">No entanto, uma an\u00e1lise mais profunda geralmente revela que o problema est\u00e1 mais pr\u00f3ximo do que imaginamos. Na falta de alinhamento estrat\u00e9gico entre as \u00e1reas de vendas e marketing da sua empresa.<\/p>\n\n\n\n<p class=\"wp-block-paragraph\">Para empresas B2B, especialmente aquelas que atuam diretamente com solu\u00e7\u00f5es tecnol\u00f3gicas ou do segmento industrial, essa desconex\u00e3o entre departamentos pode ser o principal obst\u00e1culo para alcan\u00e7ar resultados consistentes e escal\u00e1veis.<\/p>\n\n\n\n<p class=\"wp-block-paragraph\">Assim, o apoio da equipe de marketing gera resultados bastante expressivos. De acordo com o relat\u00f3rio \u201c<a href=\"https:\/\/www.influ2.com\/reports\/sales-marketing-alignment-statistics\" target=\"_blank\" rel=\"noreferrer noopener\"><em>The State of Sales &amp; Marketing Alignment in 2025<\/em><\/a><em>\u201d, <\/em>da Influ2, as <strong>equipes de vendas podem converter 65% mais prospects em oportunidades de neg\u00f3cio quando o marketing est\u00e1 ativamente contribuindo.<\/strong><\/p>\n\n\n\n<p class=\"wp-block-paragraph\">Portanto, neste artigo do <a href=\"https:\/\/gama.etc.br\/blog\/blog\/\" target=\"_blank\" rel=\"noreferrer noopener\">Blog da Gama<\/a> vamos mostrar que o baixo volume de leads e neg\u00f3cios da equipe comercial pode ser reflexo de um desalinhamento de diferentes \u00e1reas do neg\u00f3cio.<\/p>\n\n\n\n<figure class=\"wp-block-image size-large\"><img decoding=\"async\" src=\"https:\/\/gama.etc.br\/blog\/wp-content\/uploads\/2025\/04\/2a-IMAGEM-ARTIGO-5-BLOG-1024x550.png\" alt=\"\" class=\"wp-image-20099\"\/><\/figure>\n\n\n\n<h2 class=\"wp-block-heading\">Por que o volume de vendas est\u00e1 em queda?<\/h2>\n\n\n\n<p class=\"wp-block-paragraph\">N\u00e3o \u00e9 novidade que o alinhamento entre vendas e marketing impacta diretamente o crescimento das empresas B2B. Quando essas \u00e1reas atuam em sinergia, os resultados aparecem de forma consistente e os n\u00fameros do neg\u00f3cio acompanham.<\/p>\n\n\n\n<p class=\"wp-block-paragraph\">Mas, afinal, o que costuma estar por tr\u00e1s da baixa performance comercial?<\/p>\n\n\n\n<p class=\"wp-block-paragraph\">Um dos principais vil\u00f5es \u00e9 a comunica\u00e7\u00e3o truncada entre as \u00e1reas do neg\u00f3cio. <strong>Quando vendas e marketing n\u00e3o falam a mesma l\u00edngua, surgem ru\u00eddos que atrapalham o relacionamento com potenciais clientes.<\/strong><\/p>\n\n\n\n<p class=\"wp-block-paragraph\">Al\u00e9m disso, h\u00e1 um problema recorrente: <strong>leads de baixa qualidade<\/strong>. Isso geralmente acontece quando o marketing n\u00e3o compreende as reais necessidades da equipe comercial, ou quando a \u00e1rea de vendas n\u00e3o sabe como aproveitar o potencial dos contatos recebidos.<\/p>\n\n\n\n<p class=\"wp-block-paragraph\">Por\u00e9m, \u00e9 poss\u00edvel seguir caminhos que promovam esse alinhamento entre as equipes a partir da estrutura j\u00e1 dispon\u00edvel ou com apenas mudan\u00e7as pontuais. Isso passa, por exemplo, por construir um elo mais forte entre os dois lados.<\/p>\n\n\n\n<h2 class=\"wp-block-heading\">O pre\u00e7o do desalinhamento entre vendas e marketing<\/h2>\n\n\n\n<ol class=\"wp-block-list\">\n<li><strong>Ciclos de vendas prolongados<\/strong>: Quando n\u00e3o h\u00e1 clareza sobre o perfil ideal de cliente e as etapas do funil de vendas, o tempo para fechar neg\u00f3cios aumenta significativamente.<\/li>\n\n\n\n<li><strong>Desperd\u00edcio de recursos<\/strong>: Investimentos em campanhas que atraem leads n\u00e3o qualificados ou esfor\u00e7os de vendas direcionados a prospects com baixa inten\u00e7\u00e3o de compra resultam em alto custo de aquisi\u00e7\u00e3o de clientes (CAC).<\/li>\n\n\n\n<li><strong>Perda de credibilidade no mercado<\/strong>: Mensagens conflitantes entre o discurso de marketing e a abordagem de vendas confundem os clientes e comprometem a percep\u00e7\u00e3o da marca.<\/li>\n\n\n\n<li><strong>Desgaste das equipes<\/strong>: A constante frustra\u00e7\u00e3o de n\u00e3o atingir resultados gera alta rotatividade e desmotiva\u00e7\u00e3o nos times, criando um ciclo vicioso de baixa performance.<\/li>\n<\/ol>\n\n\n\n<figure class=\"wp-block-image size-large\"><img decoding=\"async\" src=\"https:\/\/gama.etc.br\/blog\/wp-content\/uploads\/2025\/04\/1a-IMAGEM-ARTIGO-5-BLOG-1024x550.png\" alt=\"\" class=\"wp-image-20100\"\/><\/figure>\n\n\n\n<h2 class=\"wp-block-heading\">Estrat\u00e9gias pr\u00e1ticas para promover o alinhamento<\/h2>\n\n\n\n<p class=\"wp-block-paragraph\">Apesar dos desafios, o caminho para o alinhamento entre vendas e marketing est\u00e1 longe de ser uma utopia. Para isso existem estrat\u00e9gias pr\u00e1ticas que podem transformar a forma como essas duas \u00e1reas interagem e colaboram no dia a dia.&nbsp;<\/p>\n\n\n\n<p class=\"wp-block-paragraph\">Desse modo, um dos caminhos para a harmonia entre as \u00e1reas do neg\u00f3cio \u00e9 o compartilhamento de metas. Isso significa, em termos gerais, a busca pelo mesmo perfil de cliente, uma mesma linguagem e caminho para qualificar o lead.&nbsp;<\/p>\n\n\n\n<p class=\"wp-block-paragraph\">Mas al\u00e9m desse alinhamento, a implementa\u00e7\u00e3o de ferramentas como o CRM pode contribuir nesse processo, facilitando o acesso a dados relevantes e os centralizando.<\/p>\n\n\n\n<p class=\"wp-block-paragraph\">Sendo assim, confira, nos t\u00f3picos a seguir algumas a\u00e7\u00f5es que sua empresa pode aplicar para superar as barreiras do desalinhamento entre vendas e marketing:<\/p>\n\n\n\n<h3 class=\"wp-block-heading\">1. Estabelecer objetivos compartilhados<\/h3>\n\n\n\n<p class=\"wp-block-paragraph\">Uma das causas mais comuns do desalinhamento entre vendas e marketing s\u00e3o as metas e m\u00e9tricas isoladas. Quando cada departamento persegue objetivos diferentes, a colabora\u00e7\u00e3o se torna superficial e os resultados n\u00e3o se conectam.&nbsp;<\/p>\n\n\n\n<p class=\"wp-block-paragraph\">Para mudar esse cen\u00e1rio, o ideal \u00e9 estabelecer KPIs compartilhados que orientem os dois lados na mesma dire\u00e7\u00e3o. Indicadores como volume de leads qualificados, taxa de convers\u00e3o por etapa do funil, CAC, tempo m\u00e9dio de fechamento e receita gerada ajudam a criar uma vis\u00e3o unificada do que \u00e9 sucesso.&nbsp;<\/p>\n\n\n\n<p class=\"wp-block-paragraph\"><strong>Com todos olhando para o mesmo norte, o di\u00e1logo flui, os esfor\u00e7os se complementam e o impacto nas vendas se torna muito mais consistente e mensur\u00e1vel.<\/strong><\/p>\n\n\n\n<h3 class=\"wp-block-heading\">2. Implementar um Acordo de N\u00edvel de Servi\u00e7o (SLA)<\/h3>\n\n\n\n<p class=\"wp-block-paragraph\">Criar um Acordo de N\u00edvel de Servi\u00e7o (SLA) entre vendas e marketing \u00e9 uma das formas mais eficientes de garantir clareza, compromisso e responsabilidade entre os dois times.&nbsp;<\/p>\n\n\n\n<p class=\"wp-block-paragraph\">Esse documento funciona como um pacto de coopera\u00e7\u00e3o, onde s\u00e3o definidos pontos cruciais. Dentre esses pontos est\u00e3o <strong>a quantidade de leads qualificados a serem gerados, os crit\u00e9rios que definem essa qualifica\u00e7\u00e3o, prazos para contato da equipe comercial e obriga\u00e7\u00f5es de retorno sobre a qualidade dos leads.<\/strong>&nbsp;<\/p>\n\n\n\n<p class=\"wp-block-paragraph\">Com essas diretrizes bem alinhadas, h\u00e1 um caminho sendo pavimentado para que os times deixem de atuar em silos e passem a operar como um s\u00f3, com foco em resultados reais.&nbsp;<\/p>\n\n\n\n<h3 class=\"wp-block-heading\">3. Adotar ferramentas integradas de gest\u00e3o<\/h3>\n\n\n\n<p class=\"wp-block-paragraph\">O alinhamento entre as equipes de vendas e marketing passa tamb\u00e9m por ferramentas que integrem processos e dados. Nesse contexto, CRMs e plataformas de automa\u00e7\u00e3o de marketing s\u00e3o grandes aliados nesse sentido.&nbsp;<\/p>\n\n\n\n<p class=\"wp-block-paragraph\">De acordo com dados trazidos pelo <a href=\"https:\/\/blog.hubspot.com\/sales\/stats-that-prove-the-power-of-smarketing-slideshare?__hstc=158937893.060ffd4c38d166029c8ea4ed52c3fda5.1631080137625.1631084904963.1631117768370.4&amp;__hssc=158937893.1.1631117768370&amp;__hsfp=4113783834\" target=\"_blank\" rel=\"noreferrer noopener\">HubSpot<\/a>, <strong>79% dos profissionais de vendas mencionaram o CRM como um fator relevante para a melhora do alinhamento entre as \u00e1reas de vendas e marketing.<\/strong><\/p>\n\n\n\n<p class=\"wp-block-paragraph\">Esses n\u00fameros se devem muito pelo fato de que solu\u00e7\u00f5es como <a href=\"https:\/\/www.salesforce.com\/br\/\" target=\"_blank\" rel=\"noreferrer noopener\">Salesforce<\/a>, <a href=\"https:\/\/br.hubspot.com\/\">HubSpot<\/a> e <a href=\"https:\/\/www.rdstation.com\/\" target=\"_blank\" rel=\"noreferrer noopener\">RD Station<\/a> permitem acompanhar intera\u00e7\u00f5es em tempo real, manter todos atualizados sobre o status de cada lead e automatizar tarefas entre os departamentos.\u00a0<\/p>\n\n\n\n<p class=\"wp-block-paragraph\">Com todos os dados de leads e contatos centralizados em um \u00fanico sistema, a equipe comercial ganha em agilidade, enquanto o marketing consegue ajustar suas estrat\u00e9gias com mais precis\u00e3o, gerando um ciclo de melhoria cont\u00ednua.<\/p>\n\n\n\n<h3 class=\"wp-block-heading\">4. Promover a constru\u00e7\u00e3o conjunta de estrat\u00e9gias<\/h3>\n\n\n\n<p class=\"wp-block-paragraph\">Para que todas as a\u00e7\u00f5es de alinhamento de vendas e marketing que trouxemos antes gerem efeito na pr\u00e1tica, \u00e9 preciso que as estrat\u00e9gias sejam constru\u00eddas em conjunto.&nbsp;<\/p>\n\n\n\n<p class=\"wp-block-paragraph\"><strong>O verdadeiro alinhamento nasce da conviv\u00eancia, da escuta ativa e da troca constante entre as \u00e1reas. <\/strong>Essa aproxima\u00e7\u00e3o pode ser promovida atrav\u00e9s de reuni\u00f5es semanais, workshops conjuntos e at\u00e9 mesmo a rota\u00e7\u00e3o de profissionais entre departamentos s\u00e3o formas pr\u00e1ticas de estreitar la\u00e7os.&nbsp;<\/p>\n\n\n\n<p class=\"wp-block-paragraph\">Colocando as diferentes perspectivas em pr\u00e1tica, as campanhas se tornam mais assertivas e as abordagens comerciais, mais alinhadas. O resultado? Equipes engajadas e solu\u00e7\u00f5es muito mais eficazes no dia a dia.<\/p>\n\n\n\n<h2 class=\"wp-block-heading\">Como iniciar a transforma\u00e7\u00e3o na sua empresa<\/h2>\n\n\n\n<p class=\"wp-block-paragraph\">A partir do momento em que se identifica esse desalinhamento entre vendas e marketing, o gestor deve agir de forma efetiva para reverter este quadro.&nbsp;<\/p>\n\n\n\n<p class=\"wp-block-paragraph\">Portanto, antes de investir em novas campanhas ou contratar novos profissionais da \u00e1rea comercial, \u00e9 essencial olhar para dentro e entender o que est\u00e1 travando os resultados.&nbsp;<\/p>\n\n\n\n<p class=\"wp-block-paragraph\">Pensando em tudo isso, o primeiro passo \u00e9 fazer um diagn\u00f3stico honesto da situa\u00e7\u00e3o atual.&nbsp;<\/p>\n\n\n\n<p class=\"wp-block-paragraph\">A partir disso, \u00e9 poss\u00edvel tra\u00e7ar um plano claro de a\u00e7\u00f5es, como a defini\u00e7\u00e3o de m\u00e9tricas comuns, a integra\u00e7\u00e3o de processos e o uso de ferramentas que favorecem a colabora\u00e7\u00e3o.&nbsp;<\/p>\n\n\n\n<p class=\"wp-block-paragraph\">Todo esse movimento deve estar aliado a uma cultura de feedback cont\u00ednuo e comprometimento m\u00fatuo.&nbsp;<\/p>\n\n\n\n<p class=\"wp-block-paragraph\">Ademais, veja a seguir como dar in\u00edcio a essa transforma\u00e7\u00e3o na sua empresa.<\/p>\n\n\n\n<ol class=\"wp-block-list\">\n<li><strong>Diagn\u00f3stico sincero<\/strong>: Realize uma an\u00e1lise franca da situa\u00e7\u00e3o atual, identificando pontos de desconex\u00e3o entre marketing e vendas. Utilize pesquisas internas e entrevistas com colaboradores de ambos os departamentos.<\/li>\n\n\n\n<li><strong>Defini\u00e7\u00e3o de m\u00e9tricas compartilhadas<\/strong>: Estabele\u00e7a KPIs que ser\u00e3o acompanhados por ambas as equipes, garantindo que todos trabalhem com os mesmos objetivos.<\/li>\n\n\n\n<li><strong>Implementa\u00e7\u00e3o de processos integrados<\/strong>: Defina fluxos de trabalho que promovam a colabora\u00e7\u00e3o constante entre as \u00e1reas, como reuni\u00f5es peri\u00f3dicas e protocolos de comunica\u00e7\u00e3o.<\/li>\n\n\n\n<li><strong>Investimento em ferramentas adequadas<\/strong>: Adote plataformas tecnol\u00f3gicas que facilitem o compartilhamento de informa\u00e7\u00f5es e a gest\u00e3o integrada de leads e oportunidades.<\/li>\n\n\n\n<li><strong>Cultura de feedback cont\u00ednuo<\/strong>: Crie mecanismos formais para que as equipes possam compartilhar percep\u00e7\u00f5es e sugest\u00f5es de melhoria nos processos<\/li>\n<\/ol>\n\n\n\n<figure class=\"wp-block-image size-large\"><img decoding=\"async\" src=\"https:\/\/gama.etc.br\/blog\/wp-content\/uploads\/2025\/04\/4a-IMAGEM-ARTIGO-5-BLOG-1024x550.png\" alt=\"\" class=\"wp-image-20101\"\/><\/figure>\n\n\n\n<h2 class=\"wp-block-heading\">Alinhe vendas e marketing com a Gama<\/h2>\n\n\n\n<p class=\"wp-block-paragraph\">O baixo volume de vendas raramente \u00e9 resultado de uma simples &#8220;mar\u00e9 de azar&#8221;. Na grande maioria dos casos, especialmente no mercado B2B, essa queda de performance est\u00e1 diretamente relacionada \u00e0 falta de alinhamento estrat\u00e9gico entre marketing e vendas.<\/p>\n\n\n\n<p class=\"wp-block-paragraph\">Mas ao mesmo tempo, o alinhamento adequado dos times de vendas e marketing passa pela documenta\u00e7\u00e3o de processos, melhores pr\u00e1ticas, estrat\u00e9gias e t\u00e1ticas para uma equipe de vendas fechar neg\u00f3cios de maneira eficiente e eficaz.<\/p>\n\n\n\n<p class=\"wp-block-paragraph\"><strong>E \u00c9 A\u00cd QUE A GAMA ENTRA EM A\u00c7\u00c3O!<\/strong><\/p>\n\n\n\n<p class=\"wp-block-paragraph\">Atrav\u00e9s do <a href=\"https:\/\/gama.etc.br\/blog\/solucoes\/vendas\/playbook-vendas\/\" target=\"_blank\" rel=\"noreferrer noopener\">Playbook de Vendas<\/a> podemos transformar desafios em oportunidades de crescimento, acelerando o sucesso do time de vendas e impulsionando o desempenho da empresa.<\/p>\n\n\n\n<p class=\"wp-block-paragraph\"><a href=\"https:\/\/api.whatsapp.com\/send\/?phone=555190178114&amp;text=Ol%C3%A1%21+Acabei+de+ler+o+artigo+da+Gama+e+quero+mais+informa%C3%A7%C3%B5es%21+&amp;type=phone_number&amp;app_absent=0\" target=\"_blank\" rel=\"noreferrer noopener\">Fale com nosso especialista<\/a> e VAMOS COM TUDO! &#x1f680;<\/p>\n","protected":false},"excerpt":{"rendered":"<p>O alinhamento estrat\u00e9gico entre as \u00e1reas de vendas e marketing \u00e9 o pontap\u00e9 inicial para um ciclo de vendas com volume e consist\u00eancia. Seu departamento comercial\u2026<\/p>\n","protected":false},"author":1,"featured_media":25043,"comment_status":"closed","ping_status":"open","sticky":false,"template":"","format":"standard","meta":{"footnotes":""},"categories":[49,195],"tags":[206,126,129,167,168,209,210,211],"class_list":["post-20098","post","type-post","status-publish","format-standard","has-post-thumbnail","hentry","category-planejamento","category-vendas","tag-alinhamento-estrategico","tag-crm","tag-funil-de-vendas","tag-gama","tag-mercado-b2b","tag-sla","tag-vendas-e-marketing","tag-volume-de-vendas"],"yoast_head":"<!-- This site is optimized with the Yoast SEO plugin v28.4 - https:\/\/yoast.com\/product\/yoast-seo-wordpress\/ -->\n<title>Alinhamento estrat\u00e9gico: a chave para superar o baixo volume de vendas no mercado B2B - Gama<\/title>\n<meta name=\"description\" content=\"O alinhamento estrat\u00e9gico entre as \u00e1reas de vendas e marketing \u00e9 o pontap\u00e9 inicial para um ciclo de vendas com volume e consist\u00eancia.\" \/>\n<meta name=\"robots\" content=\"index, follow, max-snippet:-1, max-image-preview:large, max-video-preview:-1\" \/>\n<link rel=\"canonical\" href=\"https:\/\/www.gama.etc.br\/blog\/2025\/04\/28\/alinhamento-estrategico-para-superar-baixo-volume-de-vendas-no-mercado-b2b\/\" \/>\n<meta property=\"og:locale\" content=\"pt_BR\" \/>\n<meta property=\"og:type\" content=\"article\" \/>\n<meta property=\"og:title\" content=\"Alinhamento estrat\u00e9gico: a chave para superar o baixo volume de vendas no mercado B2B - Gama\" \/>\n<meta property=\"og:description\" content=\"O alinhamento estrat\u00e9gico entre as \u00e1reas de vendas e marketing \u00e9 o pontap\u00e9 inicial para um ciclo de vendas com volume e consist\u00eancia.\" \/>\n<meta property=\"og:url\" content=\"https:\/\/www.gama.etc.br\/blog\/2025\/04\/28\/alinhamento-estrategico-para-superar-baixo-volume-de-vendas-no-mercado-b2b\/\" \/>\n<meta property=\"og:site_name\" content=\"Gama\" \/>\n<meta property=\"article:published_time\" content=\"2025-04-28T14:53:05+00:00\" \/>\n<meta property=\"og:image\" content=\"https:\/\/www.gama.etc.br\/blog\/wp-content\/uploads\/2025\/04\/3a-IMAGEM-ARTIGO-5-BLOG.png\" \/>\n\t<meta property=\"og:image:width\" content=\"1200\" \/>\n\t<meta property=\"og:image:height\" content=\"644\" \/>\n\t<meta property=\"og:image:type\" content=\"image\/png\" \/>\n<meta name=\"author\" content=\"admin\" \/>\n<meta name=\"twitter:card\" content=\"summary_large_image\" \/>\n<meta name=\"twitter:label1\" content=\"Escrito por\" \/>\n\t<meta name=\"twitter:data1\" content=\"admin\" \/>\n\t<meta name=\"twitter:label2\" content=\"Est. tempo de leitura\" \/>\n\t<meta name=\"twitter:data2\" content=\"9 minutos\" \/>\n<script type=\"application\/ld+json\" class=\"yoast-schema-graph\">{\"@context\":\"https:\\\/\\\/schema.org\",\"@graph\":[{\"@type\":\"Article\",\"@id\":\"https:\\\/\\\/www.gama.etc.br\\\/blog\\\/2025\\\/04\\\/28\\\/alinhamento-estrategico-para-superar-baixo-volume-de-vendas-no-mercado-b2b\\\/#article\",\"isPartOf\":{\"@id\":\"https:\\\/\\\/www.gama.etc.br\\\/blog\\\/2025\\\/04\\\/28\\\/alinhamento-estrategico-para-superar-baixo-volume-de-vendas-no-mercado-b2b\\\/\"},\"author\":{\"name\":\"admin\",\"@id\":\"https:\\\/\\\/www.gama.etc.br\\\/blog\\\/#\\\/schema\\\/person\\\/208e8e52475867e851cf8ebfeac28f32\"},\"headline\":\"Alinhamento estrat\u00e9gico: a chave para superar o baixo volume de vendas no mercado B2B\",\"datePublished\":\"2025-04-28T14:53:05+00:00\",\"mainEntityOfPage\":{\"@id\":\"https:\\\/\\\/www.gama.etc.br\\\/blog\\\/2025\\\/04\\\/28\\\/alinhamento-estrategico-para-superar-baixo-volume-de-vendas-no-mercado-b2b\\\/\"},\"wordCount\":1610,\"image\":{\"@id\":\"https:\\\/\\\/www.gama.etc.br\\\/blog\\\/2025\\\/04\\\/28\\\/alinhamento-estrategico-para-superar-baixo-volume-de-vendas-no-mercado-b2b\\\/#primaryimage\"},\"thumbnailUrl\":\"https:\\\/\\\/www.gama.etc.br\\\/blog\\\/wp-content\\\/uploads\\\/2025\\\/04\\\/3a-IMAGEM-ARTIGO-5-BLOG.png\",\"keywords\":[\"alinhamento estrat\u00e9gico\",\"crm\",\"funil de vendas\",\"Gama\",\"mercado b2b\",\"SLA\",\"vendas e marketing\",\"volume de vendas\"],\"articleSection\":[\"Planejamento\",\"Vendas\"],\"inLanguage\":\"pt-BR\"},{\"@type\":\"WebPage\",\"@id\":\"https:\\\/\\\/www.gama.etc.br\\\/blog\\\/2025\\\/04\\\/28\\\/alinhamento-estrategico-para-superar-baixo-volume-de-vendas-no-mercado-b2b\\\/\",\"url\":\"https:\\\/\\\/www.gama.etc.br\\\/blog\\\/2025\\\/04\\\/28\\\/alinhamento-estrategico-para-superar-baixo-volume-de-vendas-no-mercado-b2b\\\/\",\"name\":\"Alinhamento estrat\u00e9gico: a chave para superar o baixo volume de vendas no mercado B2B - Gama\",\"isPartOf\":{\"@id\":\"https:\\\/\\\/www.gama.etc.br\\\/blog\\\/#website\"},\"primaryImageOfPage\":{\"@id\":\"https:\\\/\\\/www.gama.etc.br\\\/blog\\\/2025\\\/04\\\/28\\\/alinhamento-estrategico-para-superar-baixo-volume-de-vendas-no-mercado-b2b\\\/#primaryimage\"},\"image\":{\"@id\":\"https:\\\/\\\/www.gama.etc.br\\\/blog\\\/2025\\\/04\\\/28\\\/alinhamento-estrategico-para-superar-baixo-volume-de-vendas-no-mercado-b2b\\\/#primaryimage\"},\"thumbnailUrl\":\"https:\\\/\\\/www.gama.etc.br\\\/blog\\\/wp-content\\\/uploads\\\/2025\\\/04\\\/3a-IMAGEM-ARTIGO-5-BLOG.png\",\"datePublished\":\"2025-04-28T14:53:05+00:00\",\"author\":{\"@id\":\"https:\\\/\\\/www.gama.etc.br\\\/blog\\\/#\\\/schema\\\/person\\\/208e8e52475867e851cf8ebfeac28f32\"},\"description\":\"O alinhamento estrat\u00e9gico entre as \u00e1reas de vendas e marketing \u00e9 o pontap\u00e9 inicial para um ciclo de vendas com volume e consist\u00eancia.\",\"breadcrumb\":{\"@id\":\"https:\\\/\\\/www.gama.etc.br\\\/blog\\\/2025\\\/04\\\/28\\\/alinhamento-estrategico-para-superar-baixo-volume-de-vendas-no-mercado-b2b\\\/#breadcrumb\"},\"inLanguage\":\"pt-BR\",\"potentialAction\":[{\"@type\":\"ReadAction\",\"target\":[\"https:\\\/\\\/www.gama.etc.br\\\/blog\\\/2025\\\/04\\\/28\\\/alinhamento-estrategico-para-superar-baixo-volume-de-vendas-no-mercado-b2b\\\/\"]}]},{\"@type\":\"ImageObject\",\"inLanguage\":\"pt-BR\",\"@id\":\"https:\\\/\\\/www.gama.etc.br\\\/blog\\\/2025\\\/04\\\/28\\\/alinhamento-estrategico-para-superar-baixo-volume-de-vendas-no-mercado-b2b\\\/#primaryimage\",\"url\":\"https:\\\/\\\/www.gama.etc.br\\\/blog\\\/wp-content\\\/uploads\\\/2025\\\/04\\\/3a-IMAGEM-ARTIGO-5-BLOG.png\",\"contentUrl\":\"https:\\\/\\\/www.gama.etc.br\\\/blog\\\/wp-content\\\/uploads\\\/2025\\\/04\\\/3a-IMAGEM-ARTIGO-5-BLOG.png\",\"width\":1200,\"height\":644},{\"@type\":\"BreadcrumbList\",\"@id\":\"https:\\\/\\\/www.gama.etc.br\\\/blog\\\/2025\\\/04\\\/28\\\/alinhamento-estrategico-para-superar-baixo-volume-de-vendas-no-mercado-b2b\\\/#breadcrumb\",\"itemListElement\":[{\"@type\":\"ListItem\",\"position\":1,\"name\":\"In\u00edcio\",\"item\":\"https:\\\/\\\/www.gama.etc.br\\\/blog\\\/\"},{\"@type\":\"ListItem\",\"position\":2,\"name\":\"Alinhamento estrat\u00e9gico: a chave para superar o baixo volume de vendas no mercado B2B\"}]},{\"@type\":\"WebSite\",\"@id\":\"https:\\\/\\\/www.gama.etc.br\\\/blog\\\/#website\",\"url\":\"https:\\\/\\\/www.gama.etc.br\\\/blog\\\/\",\"name\":\"Gama\",\"description\":\"Blog: crescer com clareza, organiza\u00e7\u00e3o e retorno mensur\u00e1vel\",\"potentialAction\":[{\"@type\":\"SearchAction\",\"target\":{\"@type\":\"EntryPoint\",\"urlTemplate\":\"https:\\\/\\\/www.gama.etc.br\\\/blog\\\/?s={search_term_string}\"},\"query-input\":{\"@type\":\"PropertyValueSpecification\",\"valueRequired\":true,\"valueName\":\"search_term_string\"}}],\"inLanguage\":\"pt-BR\"},{\"@type\":\"Person\",\"@id\":\"https:\\\/\\\/www.gama.etc.br\\\/blog\\\/#\\\/schema\\\/person\\\/208e8e52475867e851cf8ebfeac28f32\",\"name\":\"admin\",\"image\":{\"@type\":\"ImageObject\",\"inLanguage\":\"pt-BR\",\"@id\":\"https:\\\/\\\/secure.gravatar.com\\\/avatar\\\/7a84e1232e33d37ae0363e7ebea571adc1a7ee554497d9078c0b57291956186f?s=96&d=mm&r=g\",\"url\":\"https:\\\/\\\/secure.gravatar.com\\\/avatar\\\/7a84e1232e33d37ae0363e7ebea571adc1a7ee554497d9078c0b57291956186f?s=96&d=mm&r=g\",\"contentUrl\":\"https:\\\/\\\/secure.gravatar.com\\\/avatar\\\/7a84e1232e33d37ae0363e7ebea571adc1a7ee554497d9078c0b57291956186f?s=96&d=mm&r=g\",\"caption\":\"admin\"},\"sameAs\":[\"https:\\\/\\\/gama.etc.br\\\/blog\"],\"url\":\"https:\\\/\\\/www.gama.etc.br\\\/blog\\\/author\\\/gamamkt\\\/\"}]}<\/script>\n<!-- \/ Yoast SEO plugin. -->","yoast_head_json":{"title":"Alinhamento estrat\u00e9gico: a chave para superar o baixo volume de vendas no mercado B2B - Gama","description":"O alinhamento estrat\u00e9gico entre as \u00e1reas de vendas e marketing \u00e9 o pontap\u00e9 inicial para um ciclo de vendas com volume e consist\u00eancia.","robots":{"index":"index","follow":"follow","max-snippet":"max-snippet:-1","max-image-preview":"max-image-preview:large","max-video-preview":"max-video-preview:-1"},"canonical":"https:\/\/www.gama.etc.br\/blog\/2025\/04\/28\/alinhamento-estrategico-para-superar-baixo-volume-de-vendas-no-mercado-b2b\/","og_locale":"pt_BR","og_type":"article","og_title":"Alinhamento estrat\u00e9gico: a chave para superar o baixo volume de vendas no mercado B2B - Gama","og_description":"O alinhamento estrat\u00e9gico entre as \u00e1reas de vendas e marketing \u00e9 o pontap\u00e9 inicial para um ciclo de vendas com volume e consist\u00eancia.","og_url":"https:\/\/www.gama.etc.br\/blog\/2025\/04\/28\/alinhamento-estrategico-para-superar-baixo-volume-de-vendas-no-mercado-b2b\/","og_site_name":"Gama","article_published_time":"2025-04-28T14:53:05+00:00","og_image":[{"width":1200,"height":644,"url":"https:\/\/www.gama.etc.br\/blog\/wp-content\/uploads\/2025\/04\/3a-IMAGEM-ARTIGO-5-BLOG.png","type":"image\/png"}],"author":"admin","twitter_card":"summary_large_image","twitter_misc":{"Escrito por":"admin","Est. tempo de leitura":"9 minutos"},"schema":{"@context":"https:\/\/schema.org","@graph":[{"@type":"Article","@id":"https:\/\/www.gama.etc.br\/blog\/2025\/04\/28\/alinhamento-estrategico-para-superar-baixo-volume-de-vendas-no-mercado-b2b\/#article","isPartOf":{"@id":"https:\/\/www.gama.etc.br\/blog\/2025\/04\/28\/alinhamento-estrategico-para-superar-baixo-volume-de-vendas-no-mercado-b2b\/"},"author":{"name":"admin","@id":"https:\/\/www.gama.etc.br\/blog\/#\/schema\/person\/208e8e52475867e851cf8ebfeac28f32"},"headline":"Alinhamento estrat\u00e9gico: a chave para superar o baixo volume de vendas no mercado B2B","datePublished":"2025-04-28T14:53:05+00:00","mainEntityOfPage":{"@id":"https:\/\/www.gama.etc.br\/blog\/2025\/04\/28\/alinhamento-estrategico-para-superar-baixo-volume-de-vendas-no-mercado-b2b\/"},"wordCount":1610,"image":{"@id":"https:\/\/www.gama.etc.br\/blog\/2025\/04\/28\/alinhamento-estrategico-para-superar-baixo-volume-de-vendas-no-mercado-b2b\/#primaryimage"},"thumbnailUrl":"https:\/\/www.gama.etc.br\/blog\/wp-content\/uploads\/2025\/04\/3a-IMAGEM-ARTIGO-5-BLOG.png","keywords":["alinhamento estrat\u00e9gico","crm","funil de vendas","Gama","mercado b2b","SLA","vendas e marketing","volume de vendas"],"articleSection":["Planejamento","Vendas"],"inLanguage":"pt-BR"},{"@type":"WebPage","@id":"https:\/\/www.gama.etc.br\/blog\/2025\/04\/28\/alinhamento-estrategico-para-superar-baixo-volume-de-vendas-no-mercado-b2b\/","url":"https:\/\/www.gama.etc.br\/blog\/2025\/04\/28\/alinhamento-estrategico-para-superar-baixo-volume-de-vendas-no-mercado-b2b\/","name":"Alinhamento estrat\u00e9gico: a chave para superar o baixo volume de vendas no mercado B2B - Gama","isPartOf":{"@id":"https:\/\/www.gama.etc.br\/blog\/#website"},"primaryImageOfPage":{"@id":"https:\/\/www.gama.etc.br\/blog\/2025\/04\/28\/alinhamento-estrategico-para-superar-baixo-volume-de-vendas-no-mercado-b2b\/#primaryimage"},"image":{"@id":"https:\/\/www.gama.etc.br\/blog\/2025\/04\/28\/alinhamento-estrategico-para-superar-baixo-volume-de-vendas-no-mercado-b2b\/#primaryimage"},"thumbnailUrl":"https:\/\/www.gama.etc.br\/blog\/wp-content\/uploads\/2025\/04\/3a-IMAGEM-ARTIGO-5-BLOG.png","datePublished":"2025-04-28T14:53:05+00:00","author":{"@id":"https:\/\/www.gama.etc.br\/blog\/#\/schema\/person\/208e8e52475867e851cf8ebfeac28f32"},"description":"O alinhamento estrat\u00e9gico entre as \u00e1reas de vendas e marketing \u00e9 o pontap\u00e9 inicial para um ciclo de vendas com volume e consist\u00eancia.","breadcrumb":{"@id":"https:\/\/www.gama.etc.br\/blog\/2025\/04\/28\/alinhamento-estrategico-para-superar-baixo-volume-de-vendas-no-mercado-b2b\/#breadcrumb"},"inLanguage":"pt-BR","potentialAction":[{"@type":"ReadAction","target":["https:\/\/www.gama.etc.br\/blog\/2025\/04\/28\/alinhamento-estrategico-para-superar-baixo-volume-de-vendas-no-mercado-b2b\/"]}]},{"@type":"ImageObject","inLanguage":"pt-BR","@id":"https:\/\/www.gama.etc.br\/blog\/2025\/04\/28\/alinhamento-estrategico-para-superar-baixo-volume-de-vendas-no-mercado-b2b\/#primaryimage","url":"https:\/\/www.gama.etc.br\/blog\/wp-content\/uploads\/2025\/04\/3a-IMAGEM-ARTIGO-5-BLOG.png","contentUrl":"https:\/\/www.gama.etc.br\/blog\/wp-content\/uploads\/2025\/04\/3a-IMAGEM-ARTIGO-5-BLOG.png","width":1200,"height":644},{"@type":"BreadcrumbList","@id":"https:\/\/www.gama.etc.br\/blog\/2025\/04\/28\/alinhamento-estrategico-para-superar-baixo-volume-de-vendas-no-mercado-b2b\/#breadcrumb","itemListElement":[{"@type":"ListItem","position":1,"name":"In\u00edcio","item":"https:\/\/www.gama.etc.br\/blog\/"},{"@type":"ListItem","position":2,"name":"Alinhamento estrat\u00e9gico: a chave para superar o baixo volume de vendas no mercado B2B"}]},{"@type":"WebSite","@id":"https:\/\/www.gama.etc.br\/blog\/#website","url":"https:\/\/www.gama.etc.br\/blog\/","name":"Gama","description":"Blog: crescer com clareza, organiza\u00e7\u00e3o e retorno mensur\u00e1vel","potentialAction":[{"@type":"SearchAction","target":{"@type":"EntryPoint","urlTemplate":"https:\/\/www.gama.etc.br\/blog\/?s={search_term_string}"},"query-input":{"@type":"PropertyValueSpecification","valueRequired":true,"valueName":"search_term_string"}}],"inLanguage":"pt-BR"},{"@type":"Person","@id":"https:\/\/www.gama.etc.br\/blog\/#\/schema\/person\/208e8e52475867e851cf8ebfeac28f32","name":"admin","image":{"@type":"ImageObject","inLanguage":"pt-BR","@id":"https:\/\/secure.gravatar.com\/avatar\/7a84e1232e33d37ae0363e7ebea571adc1a7ee554497d9078c0b57291956186f?s=96&d=mm&r=g","url":"https:\/\/secure.gravatar.com\/avatar\/7a84e1232e33d37ae0363e7ebea571adc1a7ee554497d9078c0b57291956186f?s=96&d=mm&r=g","contentUrl":"https:\/\/secure.gravatar.com\/avatar\/7a84e1232e33d37ae0363e7ebea571adc1a7ee554497d9078c0b57291956186f?s=96&d=mm&r=g","caption":"admin"},"sameAs":["https:\/\/gama.etc.br\/blog"],"url":"https:\/\/www.gama.etc.br\/blog\/author\/gamamkt\/"}]}},"_links":{"self":[{"href":"https:\/\/www.gama.etc.br\/blog\/wp-json\/wp\/v2\/posts\/20098","targetHints":{"allow":["GET"]}}],"collection":[{"href":"https:\/\/www.gama.etc.br\/blog\/wp-json\/wp\/v2\/posts"}],"about":[{"href":"https:\/\/www.gama.etc.br\/blog\/wp-json\/wp\/v2\/types\/post"}],"author":[{"embeddable":true,"href":"https:\/\/www.gama.etc.br\/blog\/wp-json\/wp\/v2\/users\/1"}],"replies":[{"embeddable":true,"href":"https:\/\/www.gama.etc.br\/blog\/wp-json\/wp\/v2\/comments?post=20098"}],"version-history":[{"count":0,"href":"https:\/\/www.gama.etc.br\/blog\/wp-json\/wp\/v2\/posts\/20098\/revisions"}],"wp:featuredmedia":[{"embeddable":true,"href":"https:\/\/www.gama.etc.br\/blog\/wp-json\/wp\/v2\/media\/25043"}],"wp:attachment":[{"href":"https:\/\/www.gama.etc.br\/blog\/wp-json\/wp\/v2\/media?parent=20098"}],"wp:term":[{"taxonomy":"category","embeddable":true,"href":"https:\/\/www.gama.etc.br\/blog\/wp-json\/wp\/v2\/categories?post=20098"},{"taxonomy":"post_tag","embeddable":true,"href":"https:\/\/www.gama.etc.br\/blog\/wp-json\/wp\/v2\/tags?post=20098"}],"curies":[{"name":"wp","href":"https:\/\/api.w.org\/{rel}","templated":true}]}}