{"id":15300,"date":"2023-01-11T17:06:52","date_gmt":"2023-01-11T20:06:52","guid":{"rendered":"https:\/\/gama.etc.br\/?p=15300"},"modified":"2026-07-21T13:07:26","modified_gmt":"2026-07-21T13:07:26","slug":"como-digitalizar-a-area-comercial-da-sua-empresa","status":"publish","type":"post","link":"https:\/\/www.gama.etc.br\/blog\/2023\/01\/11\/como-digitalizar-a-area-comercial-da-sua-empresa\/","title":{"rendered":"Como digitalizar a \u00e1rea comercial da sua empresa?"},"content":{"rendered":"\n<p class=\"wp-block-paragraph\"><em>No post de hoje, vamos falar sobre um assunto que tem surgido ultimamente aqui na Gama, tanto em reuni\u00f5es com potenciais clientes quanto em d\u00favidas de empreendedores: <strong>como digitalizar a \u00e1rea comercial <\/strong>da sua empresa.<\/em><\/p>\n\n\n<div class=\"wp-block-image\">\n<figure class=\"aligncenter size-large\"><img decoding=\"async\" src=\"https:\/\/gama.etc.br\/blog\/wp-content\/uploads\/2023\/01\/TDV_M159_06-1024x683.png\" alt=\"\" class=\"wp-image-15301\"\/><\/figure>\n<\/div>\n\n\n<p class=\"wp-block-paragraph\">Se voc\u00ea conhece pouco desse setor, sente que sua empresa j\u00e1 n\u00e3o pode ficar longe das tecnologias e todo o mundo digital, este guia chegou na hora certa.<\/p>\n\n\n\n<p class=\"wp-block-paragraph\">Acredite, a transforma\u00e7\u00e3o digital chegou e as empresas n\u00e3o t\u00eam mais escolha. \u00c9 aderir ou perder espa\u00e7o no mercado e correr s\u00e9rio risco de fechar as portas.<\/p>\n\n\n\n<h2 class=\"wp-block-heading\"><a><\/a>Voc\u00ea sabe o que \u00e9 a \u00e1rea comercial de uma empresa?<\/h2>\n\n\n\n<p class=\"wp-block-paragraph\">Por certo, voc\u00ea entende que a \u00e1rea comercial das empresas est\u00e1 relacionada \u00e0s vendas, mas o conceito vai muito al\u00e9m.<\/p>\n\n\n\n<p class=\"wp-block-paragraph\">Esse setor \u00e9 respons\u00e1vel por influenciar a decis\u00e3o de compra dos clientes, garantir que os mesmos fiquem satisfeitos em todo o processo e tamb\u00e9m por criar uma rela\u00e7\u00e3o s\u00f3lida com eles.<\/p>\n\n\n\n<p class=\"wp-block-paragraph\">Sendo assim, essa \u00e1rea precisa conhecer bem o p\u00fablico da empresa, para mapear seu comportamento e criar solu\u00e7\u00f5es assertivas.<\/p>\n\n\n\n<p class=\"wp-block-paragraph\">S\u00e3o os funcion\u00e1rios desse ambiente que conseguem descobrir as dores dos consumidores e apresentar-lhes os produtos ou servi\u00e7os que podem atend\u00ea-los. Desse modo, quem acredita que o objetivo aqui \u00e9 vender de qualquer forma, deve rever seus conceitos com rapidez.<\/p>\n\n\n\n<p class=\"wp-block-paragraph\">Em suma, significa que, mesmo que seus profissionais continuem sendo respons\u00e1veis pelas vendas, sua atua\u00e7\u00e3o precisa ir al\u00e9m.<\/p>\n\n\n\n<blockquote class=\"wp-block-quote is-layout-flow wp-block-quote-is-layout-flow\">\n<p class=\"wp-block-paragraph\">Por qu\u00ea? Pelo simples fato de o consumidor ter mudado seu comportamento.<\/p>\n<\/blockquote>\n\n\n\n<p class=\"wp-block-paragraph\">Quem procura por um produto deseja ser atendido com rapidez, quer receber informa\u00e7\u00f5es detalhadas sobre o produto. O intuito \u00e9 n\u00e3o errar na compra. Por isso, a equipe precisa entregar algo mais e fazer a diferen\u00e7a entre a concorr\u00eancia.<\/p>\n\n\n\n<p class=\"wp-block-paragraph\">Lembrando que o tema desse artigo \u00e9 como digitalizar a \u00e1rea comercial, ent\u00e3o tenha em mente que esse mesmo consumidor passou a comprar mais pela internet. Mais que isso, quem ainda prefere comprar de neg\u00f3cios locais deve lembrar de que antes de ir at\u00e9 uma loja, o consumidor moderno pesquisa por produtos e empresas na internet.<\/p>\n\n\n\n<p class=\"wp-block-paragraph\">Ou seja, aprender digitalizar a \u00e1rea comercial \u00e9 uma necessidade que tem rela\u00e7\u00e3o direta com o crescimento dos neg\u00f3cios.<\/p>\n\n\n\n<h2 class=\"wp-block-heading\"><a><\/a>Conhecendo os principais objetivos da equipe de vendas<\/h2>\n\n\n\n<p class=\"wp-block-paragraph\">Para se ter uma no\u00e7\u00e3o mais ampla da import\u00e2ncia desse setor, veja quais s\u00e3o seus objetivos:<\/p>\n\n\n\n<ul class=\"wp-block-list\">\n<li>Conhecer o cliente de forma profunda;<\/li>\n\n\n\n<li>Mapear o comportamento do comprador;<\/li>\n\n\n\n<li>Conectar as necessidades do cliente aos produtos ou servi\u00e7os da empresa;<\/li>\n\n\n\n<li>Tamb\u00e9m deve gerar valor para quem compra e influenciar na decis\u00e3o de compra;<\/li>\n\n\n\n<li>Solucionar problemas e atender \u00e0s expectativas dos consumidores;<\/li>\n\n\n\n<li>Vender e gerar receita para a empresa;<\/li>\n<\/ul>\n\n\n\n<p class=\"wp-block-paragraph\">E sem voc\u00ea ainda tem dificuldade de definir os objetivos do SEU neg\u00f3cio, saiba como as estrat\u00e9gias de <a href=\"https:\/\/gama.etc.br\/blog\/2022\/04\/20\/objetivos-smart-em-sua-estrategia-de-marketing\/\" target=\"_blank\" rel=\"noreferrer noopener\">Objetivos SMART<\/a> podem te ajudar.<\/p>\n\n\n\n<figure class=\"wp-block-embed aligncenter is-type-wp-embed is-provider-gama-marketing wp-block-embed-gama-marketing\"><div class=\"wp-block-embed__wrapper\">\n<blockquote class=\"wp-embedded-content\" data-secret=\"Ya0oZUWlAh\"><a href=\"https:\/\/www.gama.etc.br\/blog\/2022\/04\/20\/objetivos-smart-em-sua-estrategia-de-marketing\/\">Objetivos SMART em estrat\u00e9gias de marketing<\/a><\/blockquote><iframe loading=\"lazy\" class=\"wp-embedded-content\" sandbox=\"allow-scripts\" security=\"restricted\" style=\"position: absolute; visibility: hidden;\" title=\"\u201cObjetivos SMART em estrat\u00e9gias de marketing\u201d \u2014 Gama\" src=\"https:\/\/www.gama.etc.br\/blog\/2022\/04\/20\/objetivos-smart-em-sua-estrategia-de-marketing\/embed\/#?secret=cY8xcpPsOt#?secret=Ya0oZUWlAh\" data-secret=\"Ya0oZUWlAh\" width=\"600\" height=\"338\" frameborder=\"0\" marginwidth=\"0\" marginheight=\"0\" scrolling=\"no\"><\/iframe>\n<\/div><\/figure>\n\n\n\n<h2 class=\"wp-block-heading\"><a><\/a>Por que e como digitalizar a \u00e1rea comercial da empresa?<\/h2>\n\n\n\n<p class=\"wp-block-paragraph\">De acordo com uma <a href=\"https:\/\/www.salesforce.com\/form\/pdf\/state-of-the-connected-customer-2nd-edition\/?d=cta-body-promo-9&amp;nc=7010M000000O5to\" target=\"_blank\" rel=\"noreferrer noopener\"><strong>pesquisa da State of Customer Experience<\/strong><\/a>, 76% dos consumidores esperam que as marcas entendam suas dores e atendam suas expectativas.<\/p>\n\n\n\n<p class=\"wp-block-paragraph\">Desse modo, precisamos considerar o fato de os mesmos estarem mais presentes em ambientes online como as redes sociais.<\/p>\n\n\n\n<p class=\"wp-block-paragraph\">Atualmente, o Google \u00e9 a ferramenta mais usada para procurar produtos e dados sobre empresas, ent\u00e3o, sabe o que vai acontecer se seu neg\u00f3cio n\u00e3o estiver l\u00e1?<\/p>\n\n\n\n<p class=\"wp-block-paragraph\">Com toda a certeza, voc\u00ea vai perder muitas oportunidades. E o pior, deixar\u00e1 de ganhar dinheiro. N\u00e3o se referindo apenas a criar uma boa presen\u00e7a digital, mas tamb\u00e9m de digitalizar a \u00e1rea comercial.<\/p>\n\n\n\n<p class=\"wp-block-paragraph\">Significa, ent\u00e3o, que sua equipe de vendas deve atuar nestes espa\u00e7os e recorrer a todas as ferramentas online. <\/p>\n\n\n\n<p class=\"wp-block-paragraph\">Em princ\u00edpio, aderir \u00e0 transforma\u00e7\u00e3o digital n\u00e3o \u00e9 um bicho de sete cabe\u00e7as, mas demanda conhecimento e foco. A seguir, separamos alguns passos que v\u00e3o te ajudar a estruturar a \u00e1rea comercial da sua empresa.<\/p>\n\n\n\n<h3 class=\"wp-block-heading\"><a><\/a>1 &#8211; Nomeie um l\u00edder<\/h3>\n\n\n\n<p class=\"wp-block-paragraph\">O primeiro passo sobre <strong>como digitalizar a \u00e1rea comercial<\/strong> \u00e9 escolher uma lideran\u00e7a para gerir o projeto.<\/p>\n\n\n\n<p class=\"wp-block-paragraph\">Embora toda a equipe de vendas deva ser preparada, contar com um l\u00edder \u00e9 essencial para fazer com que as mudan\u00e7as de mentalidade ocorram de forma organizada.<\/p>\n\n\n\n<p class=\"wp-block-paragraph\">Sendo assim, esse&nbsp; profissional, al\u00e9m de ter todas as caracter\u00edsticas de lideran\u00e7a, ainda deve contar com conhecimento sobre transforma\u00e7\u00e3o digital.<\/p>\n\n\n\n<h3 class=\"wp-block-heading\"><a><\/a>2 &#8211; Conscientize a equipe<\/h3>\n\n\n\n<p class=\"wp-block-paragraph\">Antes de come\u00e7ar a digitalizar o setor de vendas, tenha em mente que se trata de um grupo programado para seguir processos tradicionais e faz isso h\u00e1 muito tempo.<\/p>\n\n\n\n<p class=\"wp-block-paragraph\">Por isso, \u00e9 importante criar um plano que vise conscientizar cada funcion\u00e1rio sobre as mudan\u00e7as que ocorrer\u00e3o e como isso vai afetar seu trabalho.<\/p>\n\n\n\n<p class=\"wp-block-paragraph\">Lembre-se tamb\u00e9m de que os mesmos ter\u00e3o que trabalhar com ferramentas diferentes e muito mais tecnologias.<\/p>\n\n\n\n<h3 class=\"wp-block-heading\"><a><\/a>3 &#8211; Fa\u00e7a uma an\u00e1lise de mercado<\/h3>\n\n\n\n<p class=\"wp-block-paragraph\">Como j\u00e1 mencionei aqui, a transforma\u00e7\u00e3o digital \u00e9 uma necessidade, ou seja, n\u00e3o temos escolha.<\/p>\n\n\n\n<p class=\"wp-block-paragraph\">Isso significa que seus concorrentes j\u00e1 est\u00e3o se digitalizando e a vantagem disso \u00e9 que voc\u00ea poder\u00e1 analis\u00e1-los e descobrir quais estrat\u00e9gias est\u00e3o sendo usadas.<\/p>\n\n\n\n<blockquote class=\"wp-block-quote is-layout-flow wp-block-quote-is-layout-flow\">\n<p class=\"wp-block-paragraph\">\u00c9 assim que as marcas entendem o que funciona e o que n\u00e3o traz bons resultados.<\/p>\n<\/blockquote>\n\n\n\n<p class=\"wp-block-paragraph\">Por certo, essa \u00e9 uma tarefa \u00e1rdua, mas se voc\u00ea n\u00e3o possui uma equipe que possa trabalhar nisso, n\u00f3s da Gama oferecemos servi\u00e7os de alta qualidade e podemos te ajudar.<\/p>\n\n\n\n<p class=\"wp-block-paragraph\">Uma das estrat\u00e9gias de marketing digital que n\u00e3o podem faltar \u00e9 o <a href=\"https:\/\/gama.etc.br\/blog\/solucoes\/inbound-marketing\/\" target=\"_blank\" rel=\"noreferrer noopener\">Inbound Marketing<\/a>. E aqui na Gama entregamos o melhor para o seu neg\u00f3cio.<\/p>\n\n\n\n<h3 class=\"wp-block-heading\"><a><\/a>4 &#8211; Desenvolva um plano estrat\u00e9gico<\/h3>\n\n\n\n<p class=\"wp-block-paragraph\">A melhor forma de garantir uma equipe entrosada e resultados positivos \u00e9 seguindo um plano.<\/p>\n\n\n\n<p class=\"wp-block-paragraph\">Diante de objetivos definidos e prazos, a equipe de vendas, sem d\u00favida, conseguir\u00e1 ter melhor desempenho.<\/p>\n\n\n\n<h3 class=\"wp-block-heading\"><a><\/a>5 &#8211; Como digitalizar a \u00e1rea comercial &#8211; treine seus vendedores<\/h3>\n\n\n\n<p class=\"wp-block-paragraph\">N\u00e3o d\u00e1 para falar sobre como digitalizar a \u00e1rea comercial sem falar em treinamento. Isso porque, mesmo com um bom planejamento e os vendedores conscientes, \u00e9 preciso contar com a pr\u00e1tica.<\/p>\n\n\n\n<p class=\"wp-block-paragraph\">Nesse caso, tanto o l\u00edder quanto o setor de RH s\u00e3o de fundamental import\u00e2ncia! <\/p>\n\n\n\n<hr class=\"wp-block-separator has-alpha-channel-opacity is-style-dots\"\/>\n\n\n\n<p class=\"wp-block-paragraph\">Agora voc\u00ea pode analisar por sua conta se o neg\u00f3cio precisa ter sua \u00e1rea comercial digitalizada. Caso queira entender como isso funcionaria, na pr\u00e1tica, com as solu\u00e7\u00f5es da Gama, <a href=\"https:\/\/gama.etc.br\/blog\/contato\" target=\"_blank\" rel=\"noreferrer noopener\"><strong>entre em contato com nossa equipe<\/strong><\/a>!<\/p>\n","protected":false},"excerpt":{"rendered":"<p>No post de hoje, vamos falar sobre um assunto que tem surgido ultimamente aqui na Gama, tanto em reuni\u00f5es com potenciais clientes quanto em d\u00favidas de\u2026<\/p>\n","protected":false},"author":1,"featured_media":23868,"comment_status":"closed","ping_status":"open","sticky":false,"template":"","format":"standard","meta":{"footnotes":""},"categories":[4],"tags":[105,106,84,107,63],"class_list":["post-15300","post","type-post","status-publish","format-standard","has-post-thumbnail","hentry","category-inbound-marketing","tag-area-comercial","tag-comercial","tag-digital","tag-digitalizacao","tag-marketing-digital"],"yoast_head":"<!-- This site is optimized with the Yoast SEO plugin v28.4 - https:\/\/yoast.com\/product\/yoast-seo-wordpress\/ -->\n<title>Como digitalizar a \u00e1rea comercial da sua empresa? - Gama<\/title>\n<meta name=\"description\" content=\"Quer saber como digitalizar a \u00e1rea comercial da empresa e n\u00e3o sabe por onde come\u00e7ar? Neste post vou te mostrar os primeiros passos.\" \/>\n<meta name=\"robots\" content=\"index, follow, max-snippet:-1, max-image-preview:large, max-video-preview:-1\" \/>\n<link rel=\"canonical\" href=\"https:\/\/www.gama.etc.br\/blog\/2023\/01\/11\/como-digitalizar-a-area-comercial-da-sua-empresa\/\" \/>\n<meta property=\"og:locale\" content=\"pt_BR\" \/>\n<meta property=\"og:type\" content=\"article\" \/>\n<meta property=\"og:title\" content=\"Como digitalizar a \u00e1rea comercial da sua empresa? - Gama\" \/>\n<meta property=\"og:description\" content=\"Quer saber como digitalizar a \u00e1rea comercial da empresa e n\u00e3o sabe por onde come\u00e7ar? Neste post vou te mostrar os primeiros passos.\" \/>\n<meta property=\"og:url\" content=\"https:\/\/www.gama.etc.br\/blog\/2023\/01\/11\/como-digitalizar-a-area-comercial-da-sua-empresa\/\" \/>\n<meta property=\"og:site_name\" content=\"Gama\" \/>\n<meta property=\"article:published_time\" content=\"2023-01-11T20:06:52+00:00\" \/>\n<meta property=\"article:modified_time\" content=\"2026-07-21T13:07:26+00:00\" \/>\n<meta property=\"og:image\" content=\"https:\/\/www.gama.etc.br\/blog\/wp-content\/uploads\/2023\/01\/TDV_M159_06-768x512.png\" \/>\n\t<meta property=\"og:image:width\" content=\"768\" \/>\n\t<meta property=\"og:image:height\" content=\"512\" \/>\n\t<meta property=\"og:image:type\" content=\"image\/png\" \/>\n<meta name=\"author\" content=\"admin\" \/>\n<meta name=\"twitter:card\" content=\"summary_large_image\" \/>\n<meta name=\"twitter:label1\" content=\"Escrito por\" \/>\n\t<meta name=\"twitter:data1\" content=\"admin\" \/>\n\t<meta name=\"twitter:label2\" content=\"Est. tempo de leitura\" \/>\n\t<meta name=\"twitter:data2\" content=\"6 minutos\" \/>\n<script type=\"application\/ld+json\" class=\"yoast-schema-graph\">{\"@context\":\"https:\\\/\\\/schema.org\",\"@graph\":[{\"@type\":\"Article\",\"@id\":\"https:\\\/\\\/www.gama.etc.br\\\/blog\\\/2023\\\/01\\\/11\\\/como-digitalizar-a-area-comercial-da-sua-empresa\\\/#article\",\"isPartOf\":{\"@id\":\"https:\\\/\\\/www.gama.etc.br\\\/blog\\\/2023\\\/01\\\/11\\\/como-digitalizar-a-area-comercial-da-sua-empresa\\\/\"},\"author\":{\"name\":\"admin\",\"@id\":\"https:\\\/\\\/www.gama.etc.br\\\/blog\\\/#\\\/schema\\\/person\\\/208e8e52475867e851cf8ebfeac28f32\"},\"headline\":\"Como digitalizar a \u00e1rea comercial da sua empresa?\",\"datePublished\":\"2023-01-11T20:06:52+00:00\",\"dateModified\":\"2026-07-21T13:07:26+00:00\",\"mainEntityOfPage\":{\"@id\":\"https:\\\/\\\/www.gama.etc.br\\\/blog\\\/2023\\\/01\\\/11\\\/como-digitalizar-a-area-comercial-da-sua-empresa\\\/\"},\"wordCount\":1087,\"image\":{\"@id\":\"https:\\\/\\\/www.gama.etc.br\\\/blog\\\/2023\\\/01\\\/11\\\/como-digitalizar-a-area-comercial-da-sua-empresa\\\/#primaryimage\"},\"thumbnailUrl\":\"https:\\\/\\\/www.gama.etc.br\\\/blog\\\/wp-content\\\/uploads\\\/2023\\\/01\\\/TDV_M159_06-768x512.png\",\"keywords\":[\"\u00e1rea comercial\",\"comercial\",\"digital\",\"digitaliza\u00e7\u00e3o\",\"marketing digital\"],\"articleSection\":[\"Inbound Marketing\"],\"inLanguage\":\"pt-BR\"},{\"@type\":\"WebPage\",\"@id\":\"https:\\\/\\\/www.gama.etc.br\\\/blog\\\/2023\\\/01\\\/11\\\/como-digitalizar-a-area-comercial-da-sua-empresa\\\/\",\"url\":\"https:\\\/\\\/www.gama.etc.br\\\/blog\\\/2023\\\/01\\\/11\\\/como-digitalizar-a-area-comercial-da-sua-empresa\\\/\",\"name\":\"Como digitalizar a \u00e1rea comercial da sua empresa? - Gama\",\"isPartOf\":{\"@id\":\"https:\\\/\\\/www.gama.etc.br\\\/blog\\\/#website\"},\"primaryImageOfPage\":{\"@id\":\"https:\\\/\\\/www.gama.etc.br\\\/blog\\\/2023\\\/01\\\/11\\\/como-digitalizar-a-area-comercial-da-sua-empresa\\\/#primaryimage\"},\"image\":{\"@id\":\"https:\\\/\\\/www.gama.etc.br\\\/blog\\\/2023\\\/01\\\/11\\\/como-digitalizar-a-area-comercial-da-sua-empresa\\\/#primaryimage\"},\"thumbnailUrl\":\"https:\\\/\\\/www.gama.etc.br\\\/blog\\\/wp-content\\\/uploads\\\/2023\\\/01\\\/TDV_M159_06-768x512.png\",\"datePublished\":\"2023-01-11T20:06:52+00:00\",\"dateModified\":\"2026-07-21T13:07:26+00:00\",\"author\":{\"@id\":\"https:\\\/\\\/www.gama.etc.br\\\/blog\\\/#\\\/schema\\\/person\\\/208e8e52475867e851cf8ebfeac28f32\"},\"description\":\"Quer saber como digitalizar a \u00e1rea comercial da empresa e n\u00e3o sabe por onde come\u00e7ar? Neste post vou te mostrar os primeiros passos.\",\"breadcrumb\":{\"@id\":\"https:\\\/\\\/www.gama.etc.br\\\/blog\\\/2023\\\/01\\\/11\\\/como-digitalizar-a-area-comercial-da-sua-empresa\\\/#breadcrumb\"},\"inLanguage\":\"pt-BR\",\"potentialAction\":[{\"@type\":\"ReadAction\",\"target\":[\"https:\\\/\\\/www.gama.etc.br\\\/blog\\\/2023\\\/01\\\/11\\\/como-digitalizar-a-area-comercial-da-sua-empresa\\\/\"]}]},{\"@type\":\"ImageObject\",\"inLanguage\":\"pt-BR\",\"@id\":\"https:\\\/\\\/www.gama.etc.br\\\/blog\\\/2023\\\/01\\\/11\\\/como-digitalizar-a-area-comercial-da-sua-empresa\\\/#primaryimage\",\"url\":\"https:\\\/\\\/www.gama.etc.br\\\/blog\\\/wp-content\\\/uploads\\\/2023\\\/01\\\/TDV_M159_06-768x512.png\",\"contentUrl\":\"https:\\\/\\\/www.gama.etc.br\\\/blog\\\/wp-content\\\/uploads\\\/2023\\\/01\\\/TDV_M159_06-768x512.png\",\"width\":768,\"height\":512},{\"@type\":\"BreadcrumbList\",\"@id\":\"https:\\\/\\\/www.gama.etc.br\\\/blog\\\/2023\\\/01\\\/11\\\/como-digitalizar-a-area-comercial-da-sua-empresa\\\/#breadcrumb\",\"itemListElement\":[{\"@type\":\"ListItem\",\"position\":1,\"name\":\"In\u00edcio\",\"item\":\"https:\\\/\\\/www.gama.etc.br\\\/blog\\\/\"},{\"@type\":\"ListItem\",\"position\":2,\"name\":\"Como digitalizar a \u00e1rea comercial da sua empresa?\"}]},{\"@type\":\"WebSite\",\"@id\":\"https:\\\/\\\/www.gama.etc.br\\\/blog\\\/#website\",\"url\":\"https:\\\/\\\/www.gama.etc.br\\\/blog\\\/\",\"name\":\"Gama\",\"description\":\"Blog: crescer com clareza, organiza\u00e7\u00e3o e retorno mensur\u00e1vel\",\"potentialAction\":[{\"@type\":\"SearchAction\",\"target\":{\"@type\":\"EntryPoint\",\"urlTemplate\":\"https:\\\/\\\/www.gama.etc.br\\\/blog\\\/?s={search_term_string}\"},\"query-input\":{\"@type\":\"PropertyValueSpecification\",\"valueRequired\":true,\"valueName\":\"search_term_string\"}}],\"inLanguage\":\"pt-BR\"},{\"@type\":\"Person\",\"@id\":\"https:\\\/\\\/www.gama.etc.br\\\/blog\\\/#\\\/schema\\\/person\\\/208e8e52475867e851cf8ebfeac28f32\",\"name\":\"admin\",\"image\":{\"@type\":\"ImageObject\",\"inLanguage\":\"pt-BR\",\"@id\":\"https:\\\/\\\/secure.gravatar.com\\\/avatar\\\/7a84e1232e33d37ae0363e7ebea571adc1a7ee554497d9078c0b57291956186f?s=96&d=mm&r=g\",\"url\":\"https:\\\/\\\/secure.gravatar.com\\\/avatar\\\/7a84e1232e33d37ae0363e7ebea571adc1a7ee554497d9078c0b57291956186f?s=96&d=mm&r=g\",\"contentUrl\":\"https:\\\/\\\/secure.gravatar.com\\\/avatar\\\/7a84e1232e33d37ae0363e7ebea571adc1a7ee554497d9078c0b57291956186f?s=96&d=mm&r=g\",\"caption\":\"admin\"},\"sameAs\":[\"https:\\\/\\\/gama.etc.br\\\/blog\"],\"url\":\"https:\\\/\\\/www.gama.etc.br\\\/blog\\\/author\\\/gamamkt\\\/\"}]}<\/script>\n<!-- \/ Yoast SEO plugin. -->","yoast_head_json":{"title":"Como digitalizar a \u00e1rea comercial da sua empresa? - Gama","description":"Quer saber como digitalizar a \u00e1rea comercial da empresa e n\u00e3o sabe por onde come\u00e7ar? Neste post vou te mostrar os primeiros passos.","robots":{"index":"index","follow":"follow","max-snippet":"max-snippet:-1","max-image-preview":"max-image-preview:large","max-video-preview":"max-video-preview:-1"},"canonical":"https:\/\/www.gama.etc.br\/blog\/2023\/01\/11\/como-digitalizar-a-area-comercial-da-sua-empresa\/","og_locale":"pt_BR","og_type":"article","og_title":"Como digitalizar a \u00e1rea comercial da sua empresa? - Gama","og_description":"Quer saber como digitalizar a \u00e1rea comercial da empresa e n\u00e3o sabe por onde come\u00e7ar? Neste post vou te mostrar os primeiros passos.","og_url":"https:\/\/www.gama.etc.br\/blog\/2023\/01\/11\/como-digitalizar-a-area-comercial-da-sua-empresa\/","og_site_name":"Gama","article_published_time":"2023-01-11T20:06:52+00:00","article_modified_time":"2026-07-21T13:07:26+00:00","og_image":[{"width":768,"height":512,"url":"https:\/\/www.gama.etc.br\/blog\/wp-content\/uploads\/2023\/01\/TDV_M159_06-768x512.png","type":"image\/png"}],"author":"admin","twitter_card":"summary_large_image","twitter_misc":{"Escrito por":"admin","Est. tempo de leitura":"6 minutos"},"schema":{"@context":"https:\/\/schema.org","@graph":[{"@type":"Article","@id":"https:\/\/www.gama.etc.br\/blog\/2023\/01\/11\/como-digitalizar-a-area-comercial-da-sua-empresa\/#article","isPartOf":{"@id":"https:\/\/www.gama.etc.br\/blog\/2023\/01\/11\/como-digitalizar-a-area-comercial-da-sua-empresa\/"},"author":{"name":"admin","@id":"https:\/\/www.gama.etc.br\/blog\/#\/schema\/person\/208e8e52475867e851cf8ebfeac28f32"},"headline":"Como digitalizar a \u00e1rea comercial da sua empresa?","datePublished":"2023-01-11T20:06:52+00:00","dateModified":"2026-07-21T13:07:26+00:00","mainEntityOfPage":{"@id":"https:\/\/www.gama.etc.br\/blog\/2023\/01\/11\/como-digitalizar-a-area-comercial-da-sua-empresa\/"},"wordCount":1087,"image":{"@id":"https:\/\/www.gama.etc.br\/blog\/2023\/01\/11\/como-digitalizar-a-area-comercial-da-sua-empresa\/#primaryimage"},"thumbnailUrl":"https:\/\/www.gama.etc.br\/blog\/wp-content\/uploads\/2023\/01\/TDV_M159_06-768x512.png","keywords":["\u00e1rea comercial","comercial","digital","digitaliza\u00e7\u00e3o","marketing digital"],"articleSection":["Inbound Marketing"],"inLanguage":"pt-BR"},{"@type":"WebPage","@id":"https:\/\/www.gama.etc.br\/blog\/2023\/01\/11\/como-digitalizar-a-area-comercial-da-sua-empresa\/","url":"https:\/\/www.gama.etc.br\/blog\/2023\/01\/11\/como-digitalizar-a-area-comercial-da-sua-empresa\/","name":"Como digitalizar a \u00e1rea comercial da sua empresa? - Gama","isPartOf":{"@id":"https:\/\/www.gama.etc.br\/blog\/#website"},"primaryImageOfPage":{"@id":"https:\/\/www.gama.etc.br\/blog\/2023\/01\/11\/como-digitalizar-a-area-comercial-da-sua-empresa\/#primaryimage"},"image":{"@id":"https:\/\/www.gama.etc.br\/blog\/2023\/01\/11\/como-digitalizar-a-area-comercial-da-sua-empresa\/#primaryimage"},"thumbnailUrl":"https:\/\/www.gama.etc.br\/blog\/wp-content\/uploads\/2023\/01\/TDV_M159_06-768x512.png","datePublished":"2023-01-11T20:06:52+00:00","dateModified":"2026-07-21T13:07:26+00:00","author":{"@id":"https:\/\/www.gama.etc.br\/blog\/#\/schema\/person\/208e8e52475867e851cf8ebfeac28f32"},"description":"Quer saber como digitalizar a \u00e1rea comercial da empresa e n\u00e3o sabe por onde come\u00e7ar? Neste post vou te mostrar os primeiros passos.","breadcrumb":{"@id":"https:\/\/www.gama.etc.br\/blog\/2023\/01\/11\/como-digitalizar-a-area-comercial-da-sua-empresa\/#breadcrumb"},"inLanguage":"pt-BR","potentialAction":[{"@type":"ReadAction","target":["https:\/\/www.gama.etc.br\/blog\/2023\/01\/11\/como-digitalizar-a-area-comercial-da-sua-empresa\/"]}]},{"@type":"ImageObject","inLanguage":"pt-BR","@id":"https:\/\/www.gama.etc.br\/blog\/2023\/01\/11\/como-digitalizar-a-area-comercial-da-sua-empresa\/#primaryimage","url":"https:\/\/www.gama.etc.br\/blog\/wp-content\/uploads\/2023\/01\/TDV_M159_06-768x512.png","contentUrl":"https:\/\/www.gama.etc.br\/blog\/wp-content\/uploads\/2023\/01\/TDV_M159_06-768x512.png","width":768,"height":512},{"@type":"BreadcrumbList","@id":"https:\/\/www.gama.etc.br\/blog\/2023\/01\/11\/como-digitalizar-a-area-comercial-da-sua-empresa\/#breadcrumb","itemListElement":[{"@type":"ListItem","position":1,"name":"In\u00edcio","item":"https:\/\/www.gama.etc.br\/blog\/"},{"@type":"ListItem","position":2,"name":"Como digitalizar a \u00e1rea comercial da sua empresa?"}]},{"@type":"WebSite","@id":"https:\/\/www.gama.etc.br\/blog\/#website","url":"https:\/\/www.gama.etc.br\/blog\/","name":"Gama","description":"Blog: crescer com clareza, organiza\u00e7\u00e3o e retorno mensur\u00e1vel","potentialAction":[{"@type":"SearchAction","target":{"@type":"EntryPoint","urlTemplate":"https:\/\/www.gama.etc.br\/blog\/?s={search_term_string}"},"query-input":{"@type":"PropertyValueSpecification","valueRequired":true,"valueName":"search_term_string"}}],"inLanguage":"pt-BR"},{"@type":"Person","@id":"https:\/\/www.gama.etc.br\/blog\/#\/schema\/person\/208e8e52475867e851cf8ebfeac28f32","name":"admin","image":{"@type":"ImageObject","inLanguage":"pt-BR","@id":"https:\/\/secure.gravatar.com\/avatar\/7a84e1232e33d37ae0363e7ebea571adc1a7ee554497d9078c0b57291956186f?s=96&d=mm&r=g","url":"https:\/\/secure.gravatar.com\/avatar\/7a84e1232e33d37ae0363e7ebea571adc1a7ee554497d9078c0b57291956186f?s=96&d=mm&r=g","contentUrl":"https:\/\/secure.gravatar.com\/avatar\/7a84e1232e33d37ae0363e7ebea571adc1a7ee554497d9078c0b57291956186f?s=96&d=mm&r=g","caption":"admin"},"sameAs":["https:\/\/gama.etc.br\/blog"],"url":"https:\/\/www.gama.etc.br\/blog\/author\/gamamkt\/"}]}},"_links":{"self":[{"href":"https:\/\/www.gama.etc.br\/blog\/wp-json\/wp\/v2\/posts\/15300","targetHints":{"allow":["GET"]}}],"collection":[{"href":"https:\/\/www.gama.etc.br\/blog\/wp-json\/wp\/v2\/posts"}],"about":[{"href":"https:\/\/www.gama.etc.br\/blog\/wp-json\/wp\/v2\/types\/post"}],"author":[{"embeddable":true,"href":"https:\/\/www.gama.etc.br\/blog\/wp-json\/wp\/v2\/users\/1"}],"replies":[{"embeddable":true,"href":"https:\/\/www.gama.etc.br\/blog\/wp-json\/wp\/v2\/comments?post=15300"}],"version-history":[{"count":1,"href":"https:\/\/www.gama.etc.br\/blog\/wp-json\/wp\/v2\/posts\/15300\/revisions"}],"predecessor-version":[{"id":27046,"href":"https:\/\/www.gama.etc.br\/blog\/wp-json\/wp\/v2\/posts\/15300\/revisions\/27046"}],"wp:featuredmedia":[{"embeddable":true,"href":"https:\/\/www.gama.etc.br\/blog\/wp-json\/wp\/v2\/media\/23868"}],"wp:attachment":[{"href":"https:\/\/www.gama.etc.br\/blog\/wp-json\/wp\/v2\/media?parent=15300"}],"wp:term":[{"taxonomy":"category","embeddable":true,"href":"https:\/\/www.gama.etc.br\/blog\/wp-json\/wp\/v2\/categories?post=15300"},{"taxonomy":"post_tag","embeddable":true,"href":"https:\/\/www.gama.etc.br\/blog\/wp-json\/wp\/v2\/tags?post=15300"}],"curies":[{"name":"wp","href":"https:\/\/api.w.org\/{rel}","templated":true}]}}